{"id":1466,"date":"2016-09-15T09:43:29","date_gmt":"2016-09-15T08:43:29","guid":{"rendered":"http:\/\/blogs.encamina.com\/en-las-nubes\/?p=1466"},"modified":"2018-09-27T13:48:37","modified_gmt":"2018-09-27T12:48:37","slug":"que-puede-hacer-el-cio-para-impulsar-la-transformacion-digital-de-su-empresa","status":"publish","type":"post","link":"https:\/\/blogs.encamina.com\/en-las-nubes\/que-puede-hacer-el-cio-para-impulsar-la-transformacion-digital-de-su-empresa\/","title":{"rendered":"Dec\u00e1logo del CIO para convencer de la Transformaci\u00f3n Digital de su empresa"},"content":{"rendered":"<p>Sin duda, cualquier <strong>CIO\u00a0<\/strong> (<a target=\"_blank\" href=\"https:\/\/en.wikipedia.org\/wiki\/Chief_information_officer\">Chief Information Officer<\/a> o Director\/a de Inform\u00e1tica) sabe que hay una gran <strong>oportunidad<\/strong> en la<strong> Transformaci\u00f3n Digital<\/strong> para su organizaci\u00f3n. Y\u00a0tambi\u00e9n sabe\u00a0que implica hacer entender (dentro y fuera de su casa) la tecnolog\u00eda como una palanca del cambio decisiva&#8230; <a href=\"http:\/\/www.cio.com\/\" target=\"_blank\"><img loading=\"lazy\" decoding=\"async\" class=\"aligncenter size-full wp-image-1511\" src=\"http:\/\/blogs.encamina.com\/en-las-nubes\/wp-content\/uploads\/sites\/9\/2016\/09\/cio.png\" alt=\"cio\" width=\"300\" height=\"300\" srcset=\"https:\/\/encaminablogs.wpenginepowered.com\/en-las-nubes\/wp-content\/uploads\/sites\/9\/2016\/09\/cio.png 300w, https:\/\/encaminablogs.wpenginepowered.com\/en-las-nubes\/wp-content\/uploads\/sites\/9\/2016\/09\/cio-150x150.png 150w\" sizes=\"auto, (max-width: 300px) 100vw, 300px\" \/><\/a><!--more-->Y es que la Transformaci\u00f3n Digital no es solo automatizar y mejorar la eficiencia de nuestras organizaciones, sino adem\u00e1s utilizarla para <strong>impulsar la innovaci\u00f3n y \u00a0para generar disrupciones (a nivel de procesos, cultura, organizaci\u00f3n y modelos de negocio) \u00a0en todas las \u00e1reas de nuestra organizaci\u00f3n. <\/strong><\/p>\n<p>Los CIOs pueden y deben <strong>liderar la transformaci\u00f3n en sus organizaciones,<\/strong> y sentarse a mano derecha del CEO en este proceso de cambio<strong>.<\/strong> Para ello deben <strong>saber vender muy bien, dentro y fuera de su organizaci\u00f3n su propio valor y el valor de las TIC. <\/strong><\/p>\n<h2><a href=\"http:\/\/blogs.encamina.com\/en-las-nubes\/wp-content\/uploads\/sites\/9\/2016\/01\/Business4.png\"><img loading=\"lazy\" decoding=\"async\" class=\"aligncenter size-medium wp-image-1394\" src=\"http:\/\/blogs.encamina.com\/en-las-nubes\/wp-content\/uploads\/sites\/9\/2016\/01\/Business4-300x300.png\" alt=\"Business4\" width=\"300\" height=\"300\" srcset=\"https:\/\/encaminablogs.wpenginepowered.com\/en-las-nubes\/wp-content\/uploads\/sites\/9\/2016\/01\/Business4-300x300.png 300w, https:\/\/encaminablogs.wpenginepowered.com\/en-las-nubes\/wp-content\/uploads\/sites\/9\/2016\/01\/Business4-150x150.png 150w, https:\/\/encaminablogs.wpenginepowered.com\/en-las-nubes\/wp-content\/uploads\/sites\/9\/2016\/01\/Business4-768x768.png 768w, https:\/\/encaminablogs.wpenginepowered.com\/en-las-nubes\/wp-content\/uploads\/sites\/9\/2016\/01\/Business4.png 800w\" sizes=\"auto, (max-width: 300px) 100vw, 300px\" \/><\/a><\/h2>\n<h2>\u00bfC\u00f3mo vender el \u00a0<b>valor de las TIC y del CIO en las organizaciones?<\/b><\/h2>\n<p>Para que el CIO se convierta en la\u00a0referencia que brilla dentro de la\u00a0incertidumbre (de este nuevo entorno <a href=\"https:\/\/en.wikipedia.org\/wiki\/Volatility,_uncertainty,_complexity_and_ambiguity\" target=\"_blank\">VUCA<\/a>),\u00a0adem\u00e1s de hacer su trabajo muy bien,\u2026creemos (entre un grupo amigo de CIOs y yo mismo) en este dec\u00e1logo de recomendaciones:<\/p>\n<ol>\n<li><strong>Impulsar su marca personal<\/strong> y ganar credibilidad y respeto en su propia casa (y eso suele empezar por gan\u00e1rsela primero fuera)<\/li>\n<li><strong>Representar a su organizaci\u00f3n<\/strong> en foros, charlas, eventos, publicaciones, entrevistas, blogs, etc. (no solo TIC)<\/li>\n<li><strong>Liderar diariamente <\/strong>\u00a0con su ejemplo, la adopci\u00f3n y aprovechamiento de las tendencias tecnol\u00f3gicas (social&amp;mobile&amp;bigdata&amp;gamification&amp;AI&amp;IoT\u2026)<\/li>\n<li>Tener un <strong>discurso atractivo<\/strong> y elevado (visionario) en su entorno. Ganar atractivo.<\/li>\n<li><strong>Comunicar<\/strong> continuamente la conexi\u00f3n entre la tecnolog\u00eda y su propio negocio con ejemplos, datos, tendencias, referencias del sector,\u00a0hechos&#8230;<\/li>\n<li><strong>Poner en valor<\/strong> todos los logros de la tecnolog\u00eda en su casa (ej.: casos de \u00e9xito, alianzas, ROI logrados, ser referentes en,\u2026)<\/li>\n<li>\u201c<strong>Salirse del tiesto<\/strong>\u201d y aspirar a liderar \u00e1reas contiguas (como Marketing u Organizaci\u00f3n)<\/li>\n<li>\u201c<strong>No hacerlo solo<\/strong>\u201d\u00a0pues es importante lograr socios dentro de la organizaci\u00f3n (sus compa\u00f1eros de IT y de fuera de IT)\u00a0y compartir el reto y el \u00e9xito\u2026<\/li>\n<li>Prestar mucha atenci\u00f3n a la <strong>conexi\u00f3n y engagement con las nuevas generaciones<\/strong> (millenials and beyond).<\/li>\n<li>Contar con partners que <strong>ayuden a vender<\/strong> el valor de la tecnolog\u00eda y de los CIO\u00b4s\u00a0 en su organizaci\u00f3n.<\/li>\n<\/ol>\n<p>A algunos partners como <a href=\"http:\/\/www.encamina.com\">ENCAMINA <\/a>no solo nos encanta ayudar a convencer de la importancia de las TIC y del talento TIC en las organizaciones, sino que tenemos <a href=\"http:\/\/www.encamina.com\/programa-capacitacion\/\">productos<\/a>\u00a0para ello. Y estamos siempre dispuestos a producir y difundir <a href=\"https:\/\/www.encamina.com\/casos-de-exito\/\" target=\"_blank\">casos de \u00e9xito<\/a>, presentar a nuestros clientes a concursos, participar en charlas internas, etc., etc.<\/p>\n<!-- AddThis Advanced Settings generic via filter on the_content --><!-- AddThis Share Buttons generic via filter on the_content --><span class=\"et_bloom_bottom_trigger\"><\/span>","protected":false},"excerpt":{"rendered":"<p>Sin duda, cualquier CIO\u00a0 (Chief Information Officer o Director\/a de Inform\u00e1tica) sabe que hay una gran oportunidad en la Transformaci\u00f3n Digital para su organizaci\u00f3n. Y\u00a0tambi\u00e9n sabe\u00a0que implica hacer entender (dentro y fuera de su casa) la tecnolog\u00eda como una palanca &hellip; <a href=\"https:\/\/blogs.encamina.com\/en-las-nubes\/que-puede-hacer-el-cio-para-impulsar-la-transformacion-digital-de-su-empresa\/\">Continue reading <span class=\"meta-nav\">&rarr;<\/span><\/a><!-- AddThis Advanced Settings generic via filter on get_the_excerpt --><!-- AddThis Share Buttons generic via filter on get_the_excerpt --><\/p>\n","protected":false},"author":9,"featured_media":0,"comment_status":"closed","ping_status":"closed","sticky":false,"template":"","format":"standard","meta":{"footnotes":""},"categories":[73,8],"tags":[126,113],"class_list":["post-1466","post","type-post","status-publish","format-standard","hentry","category-gestion","category-reflexiones","tag-cio","tag-transformacion-digital"],"yoast_head":"<!-- This site is optimized with the Yoast SEO Premium plugin v18.2.1 (Yoast SEO v27.3) - https:\/\/yoast.com\/product\/yoast-seo-premium-wordpress\/ -->\n<title>Dec\u00e1logo del CIO para impulsar la Transformaci\u00f3n Digital<\/title>\n<meta name=\"description\" content=\"Los CIOs deben liderar la transformaci\u00f3n en sus organizaciones. Para ello deben saber vender muy bien su propio valor y el valor de las TIC.\" \/>\n<meta name=\"robots\" content=\"index, follow, max-snippet:-1, max-image-preview:large, max-video-preview:-1\" \/>\n<link rel=\"canonical\" href=\"http:\/\/blogs.encamina.com\/en-las-nubes\/que-puede-hacer-el-cio-para-impulsar-la-transformacion-digital-de-su-empresa\/\" \/>\n<meta property=\"og:locale\" content=\"es_ES\" \/>\n<meta property=\"og:type\" content=\"article\" \/>\n<meta property=\"og:title\" content=\"Dec\u00e1logo del CIO para convencer de la Transformaci\u00f3n Digital de su empresa\" \/>\n<meta property=\"og:description\" content=\"Los CIOs deben liderar la transformaci\u00f3n en sus organizaciones. Para ello deben saber vender muy bien su propio valor y el valor de las TIC.\" \/>\n<meta property=\"og:url\" content=\"http:\/\/blogs.encamina.com\/en-las-nubes\/que-puede-hacer-el-cio-para-impulsar-la-transformacion-digital-de-su-empresa\/\" \/>\n<meta property=\"og:site_name\" content=\"Con la cabeza en las nubes y los pies en el suelo\" \/>\n<meta property=\"article:author\" content=\"http:\/\/www.facebook.com\/pages\/encamina\/84575716581\" \/>\n<meta property=\"article:published_time\" content=\"2016-09-15T08:43:29+00:00\" \/>\n<meta property=\"article:modified_time\" content=\"2018-09-27T12:48:37+00:00\" \/>\n<meta property=\"og:image\" content=\"http:\/\/blogs.encamina.com\/en-las-nubes\/wp-content\/uploads\/sites\/9\/2016\/09\/cio.png\" \/>\n<meta name=\"author\" content=\"Hugo de Juan\" \/>\n<meta name=\"twitter:card\" content=\"summary_large_image\" \/>\n<meta name=\"twitter:creator\" content=\"@hdejuan\" \/>\n<meta name=\"twitter:label1\" content=\"Escrito por\" \/>\n\t<meta name=\"twitter:data1\" content=\"Hugo de Juan\" \/>\n\t<meta name=\"twitter:label2\" content=\"Tiempo de lectura\" \/>\n\t<meta name=\"twitter:data2\" content=\"2 minutos\" \/>\n<script type=\"application\/ld+json\" class=\"yoast-schema-graph\">{\"@context\":\"https:\\\/\\\/schema.org\",\"@graph\":[{\"@type\":\"Article\",\"@id\":\"http:\\\/\\\/blogs.encamina.com\\\/en-las-nubes\\\/que-puede-hacer-el-cio-para-impulsar-la-transformacion-digital-de-su-empresa\\\/#article\",\"isPartOf\":{\"@id\":\"http:\\\/\\\/blogs.encamina.com\\\/en-las-nubes\\\/que-puede-hacer-el-cio-para-impulsar-la-transformacion-digital-de-su-empresa\\\/\"},\"author\":{\"name\":\"Hugo de Juan\",\"@id\":\"https:\\\/\\\/blogs.encamina.com\\\/en-las-nubes\\\/#\\\/schema\\\/person\\\/486ee12091b3f96d238191159f897342\"},\"headline\":\"Dec\u00e1logo del CIO para convencer de la Transformaci\u00f3n Digital de su empresa\",\"datePublished\":\"2016-09-15T08:43:29+00:00\",\"dateModified\":\"2018-09-27T12:48:37+00:00\",\"mainEntityOfPage\":{\"@id\":\"http:\\\/\\\/blogs.encamina.com\\\/en-las-nubes\\\/que-puede-hacer-el-cio-para-impulsar-la-transformacion-digital-de-su-empresa\\\/\"},\"wordCount\":477,\"image\":{\"@id\":\"http:\\\/\\\/blogs.encamina.com\\\/en-las-nubes\\\/que-puede-hacer-el-cio-para-impulsar-la-transformacion-digital-de-su-empresa\\\/#primaryimage\"},\"thumbnailUrl\":\"http:\\\/\\\/blogs.encamina.com\\\/en-las-nubes\\\/wp-content\\\/uploads\\\/sites\\\/9\\\/2016\\\/09\\\/cio.png\",\"keywords\":[\"CIO\",\"Transformaci\u00f3n Digital\"],\"articleSection\":[\"gesti\u00f3n\",\"reflexiones\"],\"inLanguage\":\"es\"},{\"@type\":\"WebPage\",\"@id\":\"http:\\\/\\\/blogs.encamina.com\\\/en-las-nubes\\\/que-puede-hacer-el-cio-para-impulsar-la-transformacion-digital-de-su-empresa\\\/\",\"url\":\"http:\\\/\\\/blogs.encamina.com\\\/en-las-nubes\\\/que-puede-hacer-el-cio-para-impulsar-la-transformacion-digital-de-su-empresa\\\/\",\"name\":\"Dec\u00e1logo del CIO para impulsar la Transformaci\u00f3n Digital\",\"isPartOf\":{\"@id\":\"https:\\\/\\\/blogs.encamina.com\\\/en-las-nubes\\\/#website\"},\"primaryImageOfPage\":{\"@id\":\"http:\\\/\\\/blogs.encamina.com\\\/en-las-nubes\\\/que-puede-hacer-el-cio-para-impulsar-la-transformacion-digital-de-su-empresa\\\/#primaryimage\"},\"image\":{\"@id\":\"http:\\\/\\\/blogs.encamina.com\\\/en-las-nubes\\\/que-puede-hacer-el-cio-para-impulsar-la-transformacion-digital-de-su-empresa\\\/#primaryimage\"},\"thumbnailUrl\":\"http:\\\/\\\/blogs.encamina.com\\\/en-las-nubes\\\/wp-content\\\/uploads\\\/sites\\\/9\\\/2016\\\/09\\\/cio.png\",\"datePublished\":\"2016-09-15T08:43:29+00:00\",\"dateModified\":\"2018-09-27T12:48:37+00:00\",\"author\":{\"@id\":\"https:\\\/\\\/blogs.encamina.com\\\/en-las-nubes\\\/#\\\/schema\\\/person\\\/486ee12091b3f96d238191159f897342\"},\"description\":\"Los CIOs deben liderar la transformaci\u00f3n en sus organizaciones. Para ello deben saber vender muy bien su propio valor y el valor de las TIC.\",\"inLanguage\":\"es\",\"potentialAction\":[{\"@type\":\"ReadAction\",\"target\":[\"http:\\\/\\\/blogs.encamina.com\\\/en-las-nubes\\\/que-puede-hacer-el-cio-para-impulsar-la-transformacion-digital-de-su-empresa\\\/\"]}]},{\"@type\":\"ImageObject\",\"inLanguage\":\"es\",\"@id\":\"http:\\\/\\\/blogs.encamina.com\\\/en-las-nubes\\\/que-puede-hacer-el-cio-para-impulsar-la-transformacion-digital-de-su-empresa\\\/#primaryimage\",\"url\":\"https:\\\/\\\/blogs.encamina.com\\\/en-las-nubes\\\/wp-content\\\/uploads\\\/sites\\\/9\\\/2016\\\/09\\\/cio.png\",\"contentUrl\":\"https:\\\/\\\/blogs.encamina.com\\\/en-las-nubes\\\/wp-content\\\/uploads\\\/sites\\\/9\\\/2016\\\/09\\\/cio.png\",\"width\":300,\"height\":300},{\"@type\":\"WebSite\",\"@id\":\"https:\\\/\\\/blogs.encamina.com\\\/en-las-nubes\\\/#website\",\"url\":\"https:\\\/\\\/blogs.encamina.com\\\/en-las-nubes\\\/\",\"name\":\"Con la cabeza en las nubes y los pies en el suelo\",\"description\":\"El proyecto empresarial necesita visi\u00f3n, pasi\u00f3n y un sue\u00f1o al final del camino, pero tambi\u00e9n hay que pisar tierra con paso firme y recuperarse de tropiezos m\u00e1s bien poco divinos.\",\"potentialAction\":[{\"@type\":\"SearchAction\",\"target\":{\"@type\":\"EntryPoint\",\"urlTemplate\":\"https:\\\/\\\/blogs.encamina.com\\\/en-las-nubes\\\/?s={search_term_string}\"},\"query-input\":{\"@type\":\"PropertyValueSpecification\",\"valueRequired\":true,\"valueName\":\"search_term_string\"}}],\"inLanguage\":\"es\"},{\"@type\":\"Person\",\"@id\":\"https:\\\/\\\/blogs.encamina.com\\\/en-las-nubes\\\/#\\\/schema\\\/person\\\/486ee12091b3f96d238191159f897342\",\"name\":\"Hugo de Juan\",\"image\":{\"@type\":\"ImageObject\",\"inLanguage\":\"es\",\"@id\":\"https:\\\/\\\/secure.gravatar.com\\\/avatar\\\/da3366cf2fa4f0204b16b93ed8302a0c44452d571f45c1c3b63b3200ca8bd12f?s=96&d=mm&r=g\",\"url\":\"https:\\\/\\\/secure.gravatar.com\\\/avatar\\\/da3366cf2fa4f0204b16b93ed8302a0c44452d571f45c1c3b63b3200ca8bd12f?s=96&d=mm&r=g\",\"contentUrl\":\"https:\\\/\\\/secure.gravatar.com\\\/avatar\\\/da3366cf2fa4f0204b16b93ed8302a0c44452d571f45c1c3b63b3200ca8bd12f?s=96&d=mm&r=g\",\"caption\":\"Hugo de Juan\"},\"description\":\"Ingeniero de Telecomunicaci\u00f3n en mis bases pas\u00e9 al lado oscuro con un master en Marketing y posteriormente con un executive MBA. Hoy CEO en ENCAMINA, socio director en ENTRESISTEMAS, profesor postgrado en ESIC Marketing &amp; Business School, estudiante y Doctor Ingeniero en econom\u00eda digital y sobre todo currante en muchas cosas. Me va el marketing, la tecnolog\u00eda, mi familia, los amigos y la vida buena, incluso m\u00e1s que la buena vida.\",\"sameAs\":[\"http:\\\/\\\/www.facebook.com\\\/pages\\\/encamina\\\/84575716581\",\"http:\\\/\\\/es.linkedin.com\\\/in\\\/hugodejuan\\\/\",\"https:\\\/\\\/x.com\\\/hdejuan\",\"http:\\\/\\\/www.slideshare.net\\\/encamina\"],\"url\":\"https:\\\/\\\/blogs.encamina.com\\\/en-las-nubes\\\/author\\\/hdejuan\\\/\"}]}<\/script>\n<!-- \/ Yoast SEO Premium plugin. -->","yoast_head_json":{"title":"Dec\u00e1logo del CIO para impulsar la Transformaci\u00f3n Digital","description":"Los CIOs deben liderar la transformaci\u00f3n en sus organizaciones. Para ello deben saber vender muy bien su propio valor y el valor de las TIC.","robots":{"index":"index","follow":"follow","max-snippet":"max-snippet:-1","max-image-preview":"max-image-preview:large","max-video-preview":"max-video-preview:-1"},"canonical":"http:\/\/blogs.encamina.com\/en-las-nubes\/que-puede-hacer-el-cio-para-impulsar-la-transformacion-digital-de-su-empresa\/","og_locale":"es_ES","og_type":"article","og_title":"Dec\u00e1logo del CIO para convencer de la Transformaci\u00f3n Digital de su empresa","og_description":"Los CIOs deben liderar la transformaci\u00f3n en sus organizaciones. Para ello deben saber vender muy bien su propio valor y el valor de las TIC.","og_url":"http:\/\/blogs.encamina.com\/en-las-nubes\/que-puede-hacer-el-cio-para-impulsar-la-transformacion-digital-de-su-empresa\/","og_site_name":"Con la cabeza en las nubes y los pies en el suelo","article_author":"http:\/\/www.facebook.com\/pages\/encamina\/84575716581","article_published_time":"2016-09-15T08:43:29+00:00","article_modified_time":"2018-09-27T12:48:37+00:00","og_image":[{"url":"http:\/\/blogs.encamina.com\/en-las-nubes\/wp-content\/uploads\/sites\/9\/2016\/09\/cio.png","type":"","width":"","height":""}],"author":"Hugo de Juan","twitter_card":"summary_large_image","twitter_creator":"@hdejuan","twitter_misc":{"Escrito por":"Hugo de Juan","Tiempo de lectura":"2 minutos"},"schema":{"@context":"https:\/\/schema.org","@graph":[{"@type":"Article","@id":"http:\/\/blogs.encamina.com\/en-las-nubes\/que-puede-hacer-el-cio-para-impulsar-la-transformacion-digital-de-su-empresa\/#article","isPartOf":{"@id":"http:\/\/blogs.encamina.com\/en-las-nubes\/que-puede-hacer-el-cio-para-impulsar-la-transformacion-digital-de-su-empresa\/"},"author":{"name":"Hugo de Juan","@id":"https:\/\/blogs.encamina.com\/en-las-nubes\/#\/schema\/person\/486ee12091b3f96d238191159f897342"},"headline":"Dec\u00e1logo del CIO para convencer de la Transformaci\u00f3n Digital de su empresa","datePublished":"2016-09-15T08:43:29+00:00","dateModified":"2018-09-27T12:48:37+00:00","mainEntityOfPage":{"@id":"http:\/\/blogs.encamina.com\/en-las-nubes\/que-puede-hacer-el-cio-para-impulsar-la-transformacion-digital-de-su-empresa\/"},"wordCount":477,"image":{"@id":"http:\/\/blogs.encamina.com\/en-las-nubes\/que-puede-hacer-el-cio-para-impulsar-la-transformacion-digital-de-su-empresa\/#primaryimage"},"thumbnailUrl":"http:\/\/blogs.encamina.com\/en-las-nubes\/wp-content\/uploads\/sites\/9\/2016\/09\/cio.png","keywords":["CIO","Transformaci\u00f3n Digital"],"articleSection":["gesti\u00f3n","reflexiones"],"inLanguage":"es"},{"@type":"WebPage","@id":"http:\/\/blogs.encamina.com\/en-las-nubes\/que-puede-hacer-el-cio-para-impulsar-la-transformacion-digital-de-su-empresa\/","url":"http:\/\/blogs.encamina.com\/en-las-nubes\/que-puede-hacer-el-cio-para-impulsar-la-transformacion-digital-de-su-empresa\/","name":"Dec\u00e1logo del CIO para impulsar la Transformaci\u00f3n Digital","isPartOf":{"@id":"https:\/\/blogs.encamina.com\/en-las-nubes\/#website"},"primaryImageOfPage":{"@id":"http:\/\/blogs.encamina.com\/en-las-nubes\/que-puede-hacer-el-cio-para-impulsar-la-transformacion-digital-de-su-empresa\/#primaryimage"},"image":{"@id":"http:\/\/blogs.encamina.com\/en-las-nubes\/que-puede-hacer-el-cio-para-impulsar-la-transformacion-digital-de-su-empresa\/#primaryimage"},"thumbnailUrl":"http:\/\/blogs.encamina.com\/en-las-nubes\/wp-content\/uploads\/sites\/9\/2016\/09\/cio.png","datePublished":"2016-09-15T08:43:29+00:00","dateModified":"2018-09-27T12:48:37+00:00","author":{"@id":"https:\/\/blogs.encamina.com\/en-las-nubes\/#\/schema\/person\/486ee12091b3f96d238191159f897342"},"description":"Los CIOs deben liderar la transformaci\u00f3n en sus organizaciones. Para ello deben saber vender muy bien su propio valor y el valor de las TIC.","inLanguage":"es","potentialAction":[{"@type":"ReadAction","target":["http:\/\/blogs.encamina.com\/en-las-nubes\/que-puede-hacer-el-cio-para-impulsar-la-transformacion-digital-de-su-empresa\/"]}]},{"@type":"ImageObject","inLanguage":"es","@id":"http:\/\/blogs.encamina.com\/en-las-nubes\/que-puede-hacer-el-cio-para-impulsar-la-transformacion-digital-de-su-empresa\/#primaryimage","url":"https:\/\/blogs.encamina.com\/en-las-nubes\/wp-content\/uploads\/sites\/9\/2016\/09\/cio.png","contentUrl":"https:\/\/blogs.encamina.com\/en-las-nubes\/wp-content\/uploads\/sites\/9\/2016\/09\/cio.png","width":300,"height":300},{"@type":"WebSite","@id":"https:\/\/blogs.encamina.com\/en-las-nubes\/#website","url":"https:\/\/blogs.encamina.com\/en-las-nubes\/","name":"Con la cabeza en las nubes y los pies en el suelo","description":"El proyecto empresarial necesita visi\u00f3n, pasi\u00f3n y un sue\u00f1o al final del camino, pero tambi\u00e9n hay que pisar tierra con paso firme y recuperarse de tropiezos m\u00e1s bien poco divinos.","potentialAction":[{"@type":"SearchAction","target":{"@type":"EntryPoint","urlTemplate":"https:\/\/blogs.encamina.com\/en-las-nubes\/?s={search_term_string}"},"query-input":{"@type":"PropertyValueSpecification","valueRequired":true,"valueName":"search_term_string"}}],"inLanguage":"es"},{"@type":"Person","@id":"https:\/\/blogs.encamina.com\/en-las-nubes\/#\/schema\/person\/486ee12091b3f96d238191159f897342","name":"Hugo de Juan","image":{"@type":"ImageObject","inLanguage":"es","@id":"https:\/\/secure.gravatar.com\/avatar\/da3366cf2fa4f0204b16b93ed8302a0c44452d571f45c1c3b63b3200ca8bd12f?s=96&d=mm&r=g","url":"https:\/\/secure.gravatar.com\/avatar\/da3366cf2fa4f0204b16b93ed8302a0c44452d571f45c1c3b63b3200ca8bd12f?s=96&d=mm&r=g","contentUrl":"https:\/\/secure.gravatar.com\/avatar\/da3366cf2fa4f0204b16b93ed8302a0c44452d571f45c1c3b63b3200ca8bd12f?s=96&d=mm&r=g","caption":"Hugo de Juan"},"description":"Ingeniero de Telecomunicaci\u00f3n en mis bases pas\u00e9 al lado oscuro con un master en Marketing y posteriormente con un executive MBA. Hoy CEO en ENCAMINA, socio director en ENTRESISTEMAS, profesor postgrado en ESIC Marketing &amp; Business School, estudiante y Doctor Ingeniero en econom\u00eda digital y sobre todo currante en muchas cosas. Me va el marketing, la tecnolog\u00eda, mi familia, los amigos y la vida buena, incluso m\u00e1s que la buena vida.","sameAs":["http:\/\/www.facebook.com\/pages\/encamina\/84575716581","http:\/\/es.linkedin.com\/in\/hugodejuan\/","https:\/\/x.com\/hdejuan","http:\/\/www.slideshare.net\/encamina"],"url":"https:\/\/blogs.encamina.com\/en-las-nubes\/author\/hdejuan\/"}]}},"_links":{"self":[{"href":"https:\/\/blogs.encamina.com\/en-las-nubes\/wp-json\/wp\/v2\/posts\/1466","targetHints":{"allow":["GET"]}}],"collection":[{"href":"https:\/\/blogs.encamina.com\/en-las-nubes\/wp-json\/wp\/v2\/posts"}],"about":[{"href":"https:\/\/blogs.encamina.com\/en-las-nubes\/wp-json\/wp\/v2\/types\/post"}],"author":[{"embeddable":true,"href":"https:\/\/blogs.encamina.com\/en-las-nubes\/wp-json\/wp\/v2\/users\/9"}],"replies":[{"embeddable":true,"href":"https:\/\/blogs.encamina.com\/en-las-nubes\/wp-json\/wp\/v2\/comments?post=1466"}],"version-history":[{"count":0,"href":"https:\/\/blogs.encamina.com\/en-las-nubes\/wp-json\/wp\/v2\/posts\/1466\/revisions"}],"wp:attachment":[{"href":"https:\/\/blogs.encamina.com\/en-las-nubes\/wp-json\/wp\/v2\/media?parent=1466"}],"wp:term":[{"taxonomy":"category","embeddable":true,"href":"https:\/\/blogs.encamina.com\/en-las-nubes\/wp-json\/wp\/v2\/categories?post=1466"},{"taxonomy":"post_tag","embeddable":true,"href":"https:\/\/blogs.encamina.com\/en-las-nubes\/wp-json\/wp\/v2\/tags?post=1466"}],"curies":[{"name":"wp","href":"https:\/\/api.w.org\/{rel}","templated":true}]}}