{"id":1420,"date":"2016-02-18T23:51:40","date_gmt":"2016-02-18T22:51:40","guid":{"rendered":"http:\/\/blogs.encamina.com\/en-las-nubes\/?p=1420"},"modified":"2017-03-30T14:36:11","modified_gmt":"2017-03-30T13:36:11","slug":"menos-es-mas-pero-se-hace-muy-dificil-no-a-lo-que-parece-mas","status":"publish","type":"post","link":"https:\/\/blogs.encamina.com\/en-las-nubes\/menos-es-mas-pero-se-hace-muy-dificil-no-a-lo-que-parece-mas\/","title":{"rendered":"Menos es m\u00e1s, pero se hace muy dif\u00edcil decir NO a lo que parece m\u00e1s"},"content":{"rendered":"<p>Desde que asumimos una estrategia de especializaci\u00f3n, desde que entendimos que existe un coste de oportunidad en cada decisi\u00f3n, desde que sufrimos que cuando abarcas m\u00e1s de lo que puedes solo\u00a0haces casi-todo casi-bien, desde que nos convencimos que cuando apuestas por algo te debes volcar en ello sin dispersarte, desde ese momento&#8230; aceptamos que en estrategia, en una organizaci\u00f3n, en marketing, en cualquier plan&#8230; <strong>menos es m\u00e1s<\/strong>.<\/p>\n<p><a href=\"http:\/\/blogs.encamina.com\/en-las-nubes\/wp-content\/uploads\/sites\/9\/2016\/02\/menosmas.jpg\" rel=\"attachment wp-att-1422\"><img loading=\"lazy\" decoding=\"async\" class=\"aligncenter size-medium wp-image-1422\" src=\"http:\/\/blogs.encamina.com\/en-las-nubes\/wp-content\/uploads\/sites\/9\/2016\/02\/menosmas-300x133.jpg\" alt=\"menosmas\" width=\"300\" height=\"133\" srcset=\"https:\/\/encaminablogs.wpenginepowered.com\/en-las-nubes\/wp-content\/uploads\/sites\/9\/2016\/02\/menosmas-300x133.jpg 300w, https:\/\/encaminablogs.wpenginepowered.com\/en-las-nubes\/wp-content\/uploads\/sites\/9\/2016\/02\/menosmas.jpg 351w\" sizes=\"auto, (max-width: 300px) 100vw, 300px\" \/><\/a><!--more--><\/p>\n<p>Y una vez has decidido que <strong>menos es m\u00e1s<\/strong>, toca asumir el NO continuamente. Porque <strong>cuando dices NO, est\u00e1s concentr\u00e1ndote en los S\u00cd<\/strong>s que interesan.<\/p>\n<p>Y esa es una\u00a0tarea ardua: la de<strong> estar continuamente diciendo NO<\/strong>.\u00a0Y es que no es f\u00e1cil decir NO\u00a0sin coartar la creatividad, \u00a0la iniciativa o la autonom\u00eda de las personas&#8230; algo que es s\u00faper-valioso, imprescindible, para organizaciones como <a href=\"http:\/\/www.encamina.com\" target=\"_blank\">ENCAMINA <\/a>o <a href=\"http:\/\/www.entresistemas.com\" target=\"_blank\">ENTRESISTEMAS.<br \/>\n<\/a>Tampoco podemos confundir <strong>FOCO<\/strong> y <strong>CONVERGENCIA<\/strong> con falta de <strong>FLEXIBILIDAD<\/strong>.<\/p>\n<p><a href=\"http:\/\/blogs.encamina.com\/en-las-nubes\/wp-content\/uploads\/sites\/9\/2016\/02\/Convergence.jpg.jpg\" rel=\"attachment wp-att-1424\"><img loading=\"lazy\" decoding=\"async\" class=\"aligncenter size-medium wp-image-1424\" src=\"http:\/\/blogs.encamina.com\/en-las-nubes\/wp-content\/uploads\/sites\/9\/2016\/02\/Convergence.jpg-300x99.jpg\" alt=\"Convergence.jpg\" width=\"300\" height=\"99\" srcset=\"https:\/\/encaminablogs.wpenginepowered.com\/en-las-nubes\/wp-content\/uploads\/sites\/9\/2016\/02\/Convergence.jpg-300x99.jpg 300w, https:\/\/encaminablogs.wpenginepowered.com\/en-las-nubes\/wp-content\/uploads\/sites\/9\/2016\/02\/Convergence.jpg.jpg 573w\" sizes=\"auto, (max-width: 300px) 100vw, 300px\" \/><\/a><\/p>\n<p>Las iniciativas diarias\u00a0de un equipo brillante son casi infinitas. Casi cada d\u00eda surge una nueva propuesta de partnership con otra empresa complementaria, una nueva oportunidad fant\u00e1stica de incorporar un producto de terceros a nuestro portfolio, una idea genial a desarrollar en nuestro laboratorio de innovaci\u00f3n, un cliente sobre el que invertir porque promete mucho, una iniciativa caritativa, un evento en el que participar imprescindible, \u00a0una inversi\u00f3n de mejora, un curso buen\u00edsimo, un&#8230;<\/p>\n<p>Podr\u00eda decir que el 90% de las propuestas, de forma individualizada son buenas apuestas, lo cual empeora la gesti\u00f3n del NO, porque la persona que lleva esa idea en mente le cuesta mucho entender por qu\u00e9 lo suyo NO.<\/p>\n<p>Podr\u00eda decir que cada d\u00eda nos tocar\u00eda estar diciendo (y explicando el) NO a no menos de 5 iniciativas en nuestro puesto de trabajo. Y es tan peligroso el decir NO a algo que hubiera sido un gran acierto, como el llegar tarde\u00a0al NO\u00a0o ni siquiera enterarte.<\/p>\n<h2>MENOS ES M\u00c1S en la estrategia de ENCAMINA<\/h2>\n<p>Nos debemos concentrar en los compromisos que adquirimos a nivel de portfolio y partnerships sin encapricharnos de los que parecen tan atractivos ah\u00ed fuera. Debemos profundizar fundamentalmente en las\u00a0tecnolog\u00edas en las que queremos ser l\u00edderes. Hay que\u00a0finalizar o descartar las\u00a0innovaciones en curso antes de comenzar las siguientes. Es muy importante\u00a0desarrollar\u00a0especialmente los buenos\u00a0clientes actuales. Tenemos que\u00a0 afilar nuestro talento en las campa\u00f1as\u00a0y business plan que hemos dise\u00f1ado,&#8230; en resumen:\u00a0<strong>NO DEBEMOS DISPERSARNOS<\/strong>.<\/p>\n<p>Porque DISPERSI\u00d3N equivale a coste, a\u00a0lastre, a confusi\u00f3n, a desilusi\u00f3n al final de la partida.<\/p>\n<p><strong>CONVERGENCIA<\/strong> (con la estrategia, la misi\u00f3n y visi\u00f3n) es el marco donde se debe dar la innovaci\u00f3n, la iniciativa, la creatividad, las decisiones aut\u00f3nomas desde el bendito empowerment del equipo.<\/p>\n<p><a href=\"http:\/\/blogs.encamina.com\/en-las-nubes\/wp-content\/uploads\/sites\/9\/2016\/02\/direccion.jpg\" rel=\"attachment wp-att-1427\"><img loading=\"lazy\" decoding=\"async\" class=\"aligncenter size-medium wp-image-1427\" src=\"http:\/\/blogs.encamina.com\/en-las-nubes\/wp-content\/uploads\/sites\/9\/2016\/02\/direccion-300x283.jpg\" alt=\"direccion\" width=\"300\" height=\"283\" srcset=\"https:\/\/encaminablogs.wpenginepowered.com\/en-las-nubes\/wp-content\/uploads\/sites\/9\/2016\/02\/direccion-300x283.jpg 300w, https:\/\/encaminablogs.wpenginepowered.com\/en-las-nubes\/wp-content\/uploads\/sites\/9\/2016\/02\/direccion.jpg 379w\" sizes=\"auto, (max-width: 300px) 100vw, 300px\" \/><\/a><\/p>\n<h2>CONCLUSIONES<\/h2>\n<p>S\u00ed a la creatividad, a la iniciativa, a la innovaci\u00f3n,\u00a0 a la flexibilidad y la autonom\u00eda de decisi\u00f3n o empowerment del equipo, pero debemos de tener muy en cuenta que:<\/p>\n<ul>\n<li><strong>MENOS ES M\u00c1S.<\/strong><\/li>\n<li>La DIVERGENCIA\u00a0desgasta y debe reconducirse.<\/li>\n<li>La <strong>CONVERGENCIA<\/strong> multiplica.<\/li>\n<\/ul>\n<p>&nbsp;<\/p>\n<p>&nbsp;<\/p>\n<p>&nbsp;<\/p>\n<p>&nbsp;<\/p>\n<p>&nbsp;<\/p>\n<!-- AddThis Advanced Settings generic via filter on the_content --><!-- AddThis Share Buttons generic via filter on the_content --><span class=\"et_bloom_bottom_trigger\"><\/span>","protected":false},"excerpt":{"rendered":"<p>Desde que asumimos una estrategia de especializaci\u00f3n, desde que entendimos que existe un coste de oportunidad en cada decisi\u00f3n, desde que sufrimos que cuando abarcas m\u00e1s de lo que puedes solo\u00a0haces casi-todo casi-bien, desde que nos convencimos que cuando apuestas &hellip; <a href=\"https:\/\/blogs.encamina.com\/en-las-nubes\/menos-es-mas-pero-se-hace-muy-dificil-no-a-lo-que-parece-mas\/\">Continue reading <span class=\"meta-nav\">&rarr;<\/span><\/a><!-- AddThis Advanced Settings generic via filter on get_the_excerpt --><!-- AddThis Share Buttons generic via filter on get_the_excerpt --><\/p>\n","protected":false},"author":9,"featured_media":0,"comment_status":"closed","ping_status":"closed","sticky":false,"template":"","format":"standard","meta":{"footnotes":""},"categories":[7,10],"tags":[114,18],"class_list":["post-1420","post","type-post","status-publish","format-standard","hentry","category-estrategia","category-vision","tag-estrategia","tag-modelos-de-negocio"],"yoast_head":"<!-- This site is optimized with the Yoast SEO Premium plugin v18.2.1 (Yoast SEO v27.3) - https:\/\/yoast.com\/product\/yoast-seo-premium-wordpress\/ -->\n<title>Menos es m\u00e1s, pero se hace muy dif\u00edcil decir NO a lo que parece m\u00e1s - Con la cabeza en las nubes y los pies en el suelo<\/title>\n<meta name=\"robots\" content=\"index, follow, max-snippet:-1, max-image-preview:large, max-video-preview:-1\" \/>\n<link rel=\"canonical\" href=\"http:\/\/blogs.encamina.com\/en-las-nubes\/menos-es-mas-pero-se-hace-muy-dificil-no-a-lo-que-parece-mas\/\" \/>\n<meta property=\"og:locale\" content=\"es_ES\" \/>\n<meta property=\"og:type\" content=\"article\" \/>\n<meta property=\"og:title\" content=\"Menos es m\u00e1s, pero se hace muy dif\u00edcil decir NO a lo que parece m\u00e1s\" \/>\n<meta property=\"og:description\" content=\"Desde que asumimos una estrategia de especializaci\u00f3n, desde que entendimos que existe un coste de oportunidad en cada decisi\u00f3n, desde que sufrimos que cuando abarcas m\u00e1s de lo que puedes solo\u00a0haces casi-todo casi-bien, desde que nos convencimos que cuando apuestas &hellip; Continue reading &rarr;\" \/>\n<meta property=\"og:url\" content=\"http:\/\/blogs.encamina.com\/en-las-nubes\/menos-es-mas-pero-se-hace-muy-dificil-no-a-lo-que-parece-mas\/\" \/>\n<meta property=\"og:site_name\" content=\"Con la cabeza en las nubes y los pies en el suelo\" \/>\n<meta property=\"article:author\" content=\"http:\/\/www.facebook.com\/pages\/encamina\/84575716581\" \/>\n<meta property=\"article:published_time\" content=\"2016-02-18T22:51:40+00:00\" \/>\n<meta property=\"article:modified_time\" content=\"2017-03-30T13:36:11+00:00\" \/>\n<meta property=\"og:image\" content=\"http:\/\/blogs.encamina.com\/en-las-nubes\/wp-content\/uploads\/sites\/9\/2016\/02\/menosmas-300x133.jpg\" \/>\n<meta name=\"author\" content=\"Hugo de Juan\" \/>\n<meta name=\"twitter:card\" content=\"summary_large_image\" \/>\n<meta name=\"twitter:creator\" content=\"@hdejuan\" \/>\n<meta name=\"twitter:label1\" content=\"Escrito por\" \/>\n\t<meta name=\"twitter:data1\" content=\"Hugo de Juan\" \/>\n\t<meta name=\"twitter:label2\" content=\"Tiempo de lectura\" \/>\n\t<meta name=\"twitter:data2\" content=\"3 minutos\" \/>\n<script type=\"application\/ld+json\" class=\"yoast-schema-graph\">{\"@context\":\"https:\\\/\\\/schema.org\",\"@graph\":[{\"@type\":\"Article\",\"@id\":\"http:\\\/\\\/blogs.encamina.com\\\/en-las-nubes\\\/menos-es-mas-pero-se-hace-muy-dificil-no-a-lo-que-parece-mas\\\/#article\",\"isPartOf\":{\"@id\":\"http:\\\/\\\/blogs.encamina.com\\\/en-las-nubes\\\/menos-es-mas-pero-se-hace-muy-dificil-no-a-lo-que-parece-mas\\\/\"},\"author\":{\"name\":\"Hugo de Juan\",\"@id\":\"https:\\\/\\\/blogs.encamina.com\\\/en-las-nubes\\\/#\\\/schema\\\/person\\\/486ee12091b3f96d238191159f897342\"},\"headline\":\"Menos es m\u00e1s, pero se hace muy dif\u00edcil decir NO a lo que parece m\u00e1s\",\"datePublished\":\"2016-02-18T22:51:40+00:00\",\"dateModified\":\"2017-03-30T13:36:11+00:00\",\"mainEntityOfPage\":{\"@id\":\"http:\\\/\\\/blogs.encamina.com\\\/en-las-nubes\\\/menos-es-mas-pero-se-hace-muy-dificil-no-a-lo-que-parece-mas\\\/\"},\"wordCount\":541,\"image\":{\"@id\":\"http:\\\/\\\/blogs.encamina.com\\\/en-las-nubes\\\/menos-es-mas-pero-se-hace-muy-dificil-no-a-lo-que-parece-mas\\\/#primaryimage\"},\"thumbnailUrl\":\"http:\\\/\\\/blogs.encamina.com\\\/en-las-nubes\\\/wp-content\\\/uploads\\\/sites\\\/9\\\/2016\\\/02\\\/menosmas-300x133.jpg\",\"keywords\":[\"estrategia\",\"modelos de negocio\"],\"articleSection\":[\"estrategia\",\"visi\u00f3n\"],\"inLanguage\":\"es\"},{\"@type\":\"WebPage\",\"@id\":\"http:\\\/\\\/blogs.encamina.com\\\/en-las-nubes\\\/menos-es-mas-pero-se-hace-muy-dificil-no-a-lo-que-parece-mas\\\/\",\"url\":\"http:\\\/\\\/blogs.encamina.com\\\/en-las-nubes\\\/menos-es-mas-pero-se-hace-muy-dificil-no-a-lo-que-parece-mas\\\/\",\"name\":\"Menos es m\u00e1s, pero se hace muy dif\u00edcil decir NO a lo que parece m\u00e1s - Con la cabeza en las nubes y los pies en el suelo\",\"isPartOf\":{\"@id\":\"https:\\\/\\\/blogs.encamina.com\\\/en-las-nubes\\\/#website\"},\"primaryImageOfPage\":{\"@id\":\"http:\\\/\\\/blogs.encamina.com\\\/en-las-nubes\\\/menos-es-mas-pero-se-hace-muy-dificil-no-a-lo-que-parece-mas\\\/#primaryimage\"},\"image\":{\"@id\":\"http:\\\/\\\/blogs.encamina.com\\\/en-las-nubes\\\/menos-es-mas-pero-se-hace-muy-dificil-no-a-lo-que-parece-mas\\\/#primaryimage\"},\"thumbnailUrl\":\"http:\\\/\\\/blogs.encamina.com\\\/en-las-nubes\\\/wp-content\\\/uploads\\\/sites\\\/9\\\/2016\\\/02\\\/menosmas-300x133.jpg\",\"datePublished\":\"2016-02-18T22:51:40+00:00\",\"dateModified\":\"2017-03-30T13:36:11+00:00\",\"author\":{\"@id\":\"https:\\\/\\\/blogs.encamina.com\\\/en-las-nubes\\\/#\\\/schema\\\/person\\\/486ee12091b3f96d238191159f897342\"},\"inLanguage\":\"es\",\"potentialAction\":[{\"@type\":\"ReadAction\",\"target\":[\"http:\\\/\\\/blogs.encamina.com\\\/en-las-nubes\\\/menos-es-mas-pero-se-hace-muy-dificil-no-a-lo-que-parece-mas\\\/\"]}]},{\"@type\":\"ImageObject\",\"inLanguage\":\"es\",\"@id\":\"http:\\\/\\\/blogs.encamina.com\\\/en-las-nubes\\\/menos-es-mas-pero-se-hace-muy-dificil-no-a-lo-que-parece-mas\\\/#primaryimage\",\"url\":\"https:\\\/\\\/blogs.encamina.com\\\/en-las-nubes\\\/wp-content\\\/uploads\\\/sites\\\/9\\\/2016\\\/02\\\/menosmas.jpg\",\"contentUrl\":\"https:\\\/\\\/blogs.encamina.com\\\/en-las-nubes\\\/wp-content\\\/uploads\\\/sites\\\/9\\\/2016\\\/02\\\/menosmas.jpg\",\"width\":351,\"height\":156},{\"@type\":\"WebSite\",\"@id\":\"https:\\\/\\\/blogs.encamina.com\\\/en-las-nubes\\\/#website\",\"url\":\"https:\\\/\\\/blogs.encamina.com\\\/en-las-nubes\\\/\",\"name\":\"Con la cabeza en las nubes y los pies en el suelo\",\"description\":\"El proyecto empresarial necesita visi\u00f3n, pasi\u00f3n y un sue\u00f1o al final del camino, pero tambi\u00e9n hay que pisar tierra con paso firme y recuperarse de tropiezos m\u00e1s bien poco divinos.\",\"potentialAction\":[{\"@type\":\"SearchAction\",\"target\":{\"@type\":\"EntryPoint\",\"urlTemplate\":\"https:\\\/\\\/blogs.encamina.com\\\/en-las-nubes\\\/?s={search_term_string}\"},\"query-input\":{\"@type\":\"PropertyValueSpecification\",\"valueRequired\":true,\"valueName\":\"search_term_string\"}}],\"inLanguage\":\"es\"},{\"@type\":\"Person\",\"@id\":\"https:\\\/\\\/blogs.encamina.com\\\/en-las-nubes\\\/#\\\/schema\\\/person\\\/486ee12091b3f96d238191159f897342\",\"name\":\"Hugo de Juan\",\"image\":{\"@type\":\"ImageObject\",\"inLanguage\":\"es\",\"@id\":\"https:\\\/\\\/secure.gravatar.com\\\/avatar\\\/da3366cf2fa4f0204b16b93ed8302a0c44452d571f45c1c3b63b3200ca8bd12f?s=96&d=mm&r=g\",\"url\":\"https:\\\/\\\/secure.gravatar.com\\\/avatar\\\/da3366cf2fa4f0204b16b93ed8302a0c44452d571f45c1c3b63b3200ca8bd12f?s=96&d=mm&r=g\",\"contentUrl\":\"https:\\\/\\\/secure.gravatar.com\\\/avatar\\\/da3366cf2fa4f0204b16b93ed8302a0c44452d571f45c1c3b63b3200ca8bd12f?s=96&d=mm&r=g\",\"caption\":\"Hugo de Juan\"},\"description\":\"Ingeniero de Telecomunicaci\u00f3n en mis bases pas\u00e9 al lado oscuro con un master en Marketing y posteriormente con un executive MBA. Hoy CEO en ENCAMINA, socio director en ENTRESISTEMAS, profesor postgrado en ESIC Marketing &amp; Business School, estudiante y Doctor Ingeniero en econom\u00eda digital y sobre todo currante en muchas cosas. Me va el marketing, la tecnolog\u00eda, mi familia, los amigos y la vida buena, incluso m\u00e1s que la buena vida.\",\"sameAs\":[\"http:\\\/\\\/www.facebook.com\\\/pages\\\/encamina\\\/84575716581\",\"http:\\\/\\\/es.linkedin.com\\\/in\\\/hugodejuan\\\/\",\"https:\\\/\\\/x.com\\\/hdejuan\",\"http:\\\/\\\/www.slideshare.net\\\/encamina\"],\"url\":\"https:\\\/\\\/blogs.encamina.com\\\/en-las-nubes\\\/author\\\/hdejuan\\\/\"}]}<\/script>\n<!-- \/ Yoast SEO Premium plugin. -->","yoast_head_json":{"title":"Menos es m\u00e1s, pero se hace muy dif\u00edcil decir NO a lo que parece m\u00e1s - Con la cabeza en las nubes y los pies en el suelo","robots":{"index":"index","follow":"follow","max-snippet":"max-snippet:-1","max-image-preview":"max-image-preview:large","max-video-preview":"max-video-preview:-1"},"canonical":"http:\/\/blogs.encamina.com\/en-las-nubes\/menos-es-mas-pero-se-hace-muy-dificil-no-a-lo-que-parece-mas\/","og_locale":"es_ES","og_type":"article","og_title":"Menos es m\u00e1s, pero se hace muy dif\u00edcil decir NO a lo que parece m\u00e1s","og_description":"Desde que asumimos una estrategia de especializaci\u00f3n, desde que entendimos que existe un coste de oportunidad en cada decisi\u00f3n, desde que sufrimos que cuando abarcas m\u00e1s de lo que puedes solo\u00a0haces casi-todo casi-bien, desde que nos convencimos que cuando apuestas &hellip; Continue reading &rarr;","og_url":"http:\/\/blogs.encamina.com\/en-las-nubes\/menos-es-mas-pero-se-hace-muy-dificil-no-a-lo-que-parece-mas\/","og_site_name":"Con la cabeza en las nubes y los pies en el suelo","article_author":"http:\/\/www.facebook.com\/pages\/encamina\/84575716581","article_published_time":"2016-02-18T22:51:40+00:00","article_modified_time":"2017-03-30T13:36:11+00:00","og_image":[{"url":"http:\/\/blogs.encamina.com\/en-las-nubes\/wp-content\/uploads\/sites\/9\/2016\/02\/menosmas-300x133.jpg","type":"","width":"","height":""}],"author":"Hugo de Juan","twitter_card":"summary_large_image","twitter_creator":"@hdejuan","twitter_misc":{"Escrito por":"Hugo de Juan","Tiempo de lectura":"3 minutos"},"schema":{"@context":"https:\/\/schema.org","@graph":[{"@type":"Article","@id":"http:\/\/blogs.encamina.com\/en-las-nubes\/menos-es-mas-pero-se-hace-muy-dificil-no-a-lo-que-parece-mas\/#article","isPartOf":{"@id":"http:\/\/blogs.encamina.com\/en-las-nubes\/menos-es-mas-pero-se-hace-muy-dificil-no-a-lo-que-parece-mas\/"},"author":{"name":"Hugo de Juan","@id":"https:\/\/blogs.encamina.com\/en-las-nubes\/#\/schema\/person\/486ee12091b3f96d238191159f897342"},"headline":"Menos es m\u00e1s, pero se hace muy dif\u00edcil decir NO a lo que parece m\u00e1s","datePublished":"2016-02-18T22:51:40+00:00","dateModified":"2017-03-30T13:36:11+00:00","mainEntityOfPage":{"@id":"http:\/\/blogs.encamina.com\/en-las-nubes\/menos-es-mas-pero-se-hace-muy-dificil-no-a-lo-que-parece-mas\/"},"wordCount":541,"image":{"@id":"http:\/\/blogs.encamina.com\/en-las-nubes\/menos-es-mas-pero-se-hace-muy-dificil-no-a-lo-que-parece-mas\/#primaryimage"},"thumbnailUrl":"http:\/\/blogs.encamina.com\/en-las-nubes\/wp-content\/uploads\/sites\/9\/2016\/02\/menosmas-300x133.jpg","keywords":["estrategia","modelos de negocio"],"articleSection":["estrategia","visi\u00f3n"],"inLanguage":"es"},{"@type":"WebPage","@id":"http:\/\/blogs.encamina.com\/en-las-nubes\/menos-es-mas-pero-se-hace-muy-dificil-no-a-lo-que-parece-mas\/","url":"http:\/\/blogs.encamina.com\/en-las-nubes\/menos-es-mas-pero-se-hace-muy-dificil-no-a-lo-que-parece-mas\/","name":"Menos es m\u00e1s, pero se hace muy dif\u00edcil decir NO a lo que parece m\u00e1s - Con la cabeza en las nubes y los pies en el suelo","isPartOf":{"@id":"https:\/\/blogs.encamina.com\/en-las-nubes\/#website"},"primaryImageOfPage":{"@id":"http:\/\/blogs.encamina.com\/en-las-nubes\/menos-es-mas-pero-se-hace-muy-dificil-no-a-lo-que-parece-mas\/#primaryimage"},"image":{"@id":"http:\/\/blogs.encamina.com\/en-las-nubes\/menos-es-mas-pero-se-hace-muy-dificil-no-a-lo-que-parece-mas\/#primaryimage"},"thumbnailUrl":"http:\/\/blogs.encamina.com\/en-las-nubes\/wp-content\/uploads\/sites\/9\/2016\/02\/menosmas-300x133.jpg","datePublished":"2016-02-18T22:51:40+00:00","dateModified":"2017-03-30T13:36:11+00:00","author":{"@id":"https:\/\/blogs.encamina.com\/en-las-nubes\/#\/schema\/person\/486ee12091b3f96d238191159f897342"},"inLanguage":"es","potentialAction":[{"@type":"ReadAction","target":["http:\/\/blogs.encamina.com\/en-las-nubes\/menos-es-mas-pero-se-hace-muy-dificil-no-a-lo-que-parece-mas\/"]}]},{"@type":"ImageObject","inLanguage":"es","@id":"http:\/\/blogs.encamina.com\/en-las-nubes\/menos-es-mas-pero-se-hace-muy-dificil-no-a-lo-que-parece-mas\/#primaryimage","url":"https:\/\/blogs.encamina.com\/en-las-nubes\/wp-content\/uploads\/sites\/9\/2016\/02\/menosmas.jpg","contentUrl":"https:\/\/blogs.encamina.com\/en-las-nubes\/wp-content\/uploads\/sites\/9\/2016\/02\/menosmas.jpg","width":351,"height":156},{"@type":"WebSite","@id":"https:\/\/blogs.encamina.com\/en-las-nubes\/#website","url":"https:\/\/blogs.encamina.com\/en-las-nubes\/","name":"Con la cabeza en las nubes y los pies en el suelo","description":"El proyecto empresarial necesita visi\u00f3n, pasi\u00f3n y un sue\u00f1o al final del camino, pero tambi\u00e9n hay que pisar tierra con paso firme y recuperarse de tropiezos m\u00e1s bien poco divinos.","potentialAction":[{"@type":"SearchAction","target":{"@type":"EntryPoint","urlTemplate":"https:\/\/blogs.encamina.com\/en-las-nubes\/?s={search_term_string}"},"query-input":{"@type":"PropertyValueSpecification","valueRequired":true,"valueName":"search_term_string"}}],"inLanguage":"es"},{"@type":"Person","@id":"https:\/\/blogs.encamina.com\/en-las-nubes\/#\/schema\/person\/486ee12091b3f96d238191159f897342","name":"Hugo de Juan","image":{"@type":"ImageObject","inLanguage":"es","@id":"https:\/\/secure.gravatar.com\/avatar\/da3366cf2fa4f0204b16b93ed8302a0c44452d571f45c1c3b63b3200ca8bd12f?s=96&d=mm&r=g","url":"https:\/\/secure.gravatar.com\/avatar\/da3366cf2fa4f0204b16b93ed8302a0c44452d571f45c1c3b63b3200ca8bd12f?s=96&d=mm&r=g","contentUrl":"https:\/\/secure.gravatar.com\/avatar\/da3366cf2fa4f0204b16b93ed8302a0c44452d571f45c1c3b63b3200ca8bd12f?s=96&d=mm&r=g","caption":"Hugo de Juan"},"description":"Ingeniero de Telecomunicaci\u00f3n en mis bases pas\u00e9 al lado oscuro con un master en Marketing y posteriormente con un executive MBA. Hoy CEO en ENCAMINA, socio director en ENTRESISTEMAS, profesor postgrado en ESIC Marketing &amp; Business School, estudiante y Doctor Ingeniero en econom\u00eda digital y sobre todo currante en muchas cosas. Me va el marketing, la tecnolog\u00eda, mi familia, los amigos y la vida buena, incluso m\u00e1s que la buena vida.","sameAs":["http:\/\/www.facebook.com\/pages\/encamina\/84575716581","http:\/\/es.linkedin.com\/in\/hugodejuan\/","https:\/\/x.com\/hdejuan","http:\/\/www.slideshare.net\/encamina"],"url":"https:\/\/blogs.encamina.com\/en-las-nubes\/author\/hdejuan\/"}]}},"_links":{"self":[{"href":"https:\/\/blogs.encamina.com\/en-las-nubes\/wp-json\/wp\/v2\/posts\/1420","targetHints":{"allow":["GET"]}}],"collection":[{"href":"https:\/\/blogs.encamina.com\/en-las-nubes\/wp-json\/wp\/v2\/posts"}],"about":[{"href":"https:\/\/blogs.encamina.com\/en-las-nubes\/wp-json\/wp\/v2\/types\/post"}],"author":[{"embeddable":true,"href":"https:\/\/blogs.encamina.com\/en-las-nubes\/wp-json\/wp\/v2\/users\/9"}],"replies":[{"embeddable":true,"href":"https:\/\/blogs.encamina.com\/en-las-nubes\/wp-json\/wp\/v2\/comments?post=1420"}],"version-history":[{"count":0,"href":"https:\/\/blogs.encamina.com\/en-las-nubes\/wp-json\/wp\/v2\/posts\/1420\/revisions"}],"wp:attachment":[{"href":"https:\/\/blogs.encamina.com\/en-las-nubes\/wp-json\/wp\/v2\/media?parent=1420"}],"wp:term":[{"taxonomy":"category","embeddable":true,"href":"https:\/\/blogs.encamina.com\/en-las-nubes\/wp-json\/wp\/v2\/categories?post=1420"},{"taxonomy":"post_tag","embeddable":true,"href":"https:\/\/blogs.encamina.com\/en-las-nubes\/wp-json\/wp\/v2\/tags?post=1420"}],"curies":[{"name":"wp","href":"https:\/\/api.w.org\/{rel}","templated":true}]}}