{"id":1161,"date":"2015-05-20T12:05:21","date_gmt":"2015-05-20T11:05:21","guid":{"rendered":"http:\/\/blogs.encamina.com\/en-las-nubes\/?p=1161"},"modified":"2015-05-20T12:05:32","modified_gmt":"2015-05-20T11:05:32","slug":"reflexiones-del-xv-y-x-aniversario-iv-y-si-hoy-cerraramos-la-persiana","status":"publish","type":"post","link":"https:\/\/blogs.encamina.com\/en-las-nubes\/reflexiones-del-xv-y-x-aniversario-iv-y-si-hoy-cerraramos-la-persiana\/","title":{"rendered":"Reflexiones del XV y X aniversario (IV): \u00bfY si hoy cerr\u00e1ramos la persiana?"},"content":{"rendered":"<p>Rebuscando por Internet sobre mortandad de empresas, aparecen m\u00faltiples estudios.<br \/>\nNo me termino de fiar mucho de su precisi\u00f3n, pero en general dicen cosas como que:<br \/>\nLa mortalidad oscila entre un 30% y un 40% en las empresas nuevas, tras un a\u00f1o de su constituci\u00f3n o que existe una tasa de mortalidad del 70% en las empresas 10 a\u00f1os despu\u00e9s de su creaci\u00f3n.<\/p>\n<p><a href=\"http:\/\/blogs.encamina.com\/en-las-nubes\/wp-content\/uploads\/sites\/9\/2015\/05\/luto.jpg\"><img loading=\"lazy\" decoding=\"async\" class=\"aligncenter size-full wp-image-1165\" src=\"http:\/\/blogs.encamina.com\/en-las-nubes\/wp-content\/uploads\/sites\/9\/2015\/05\/luto.jpg\" alt=\"luto\" width=\"189\" height=\"267\" \/><\/a><br \/>\nParece que el momento cr\u00edtico para la supervivencia de las organizaciones se concentra en los cinco primeros a\u00f1os de actividad, durante los que desaparece una de cada dos, seg\u00fan <a href=\"http:\/\/www.ine.es\/prensa\/np814.pdf\" target=\"_blank\">datos del INE<\/a> .<\/p>\n<p><!--more--><br \/>\nEn Espa\u00f1a, de cada 100 compa\u00f1\u00edas solo 13 exist\u00edan hace dos d\u00e9cadas, seg\u00fan los \u00faltimos datos del <a href=\"http:\/\/www.ine.es\/CDINEbase\/\" target=\"_blank\">Directorio Central de Empresas [Dirce]<\/a> facilitados por el Instituto Nacional de Estad\u00edstica [<a href=\"http:\/\/www.ine.es\/\" target=\"_blank\">INE<\/a>]. De hecho, dicen que\u00a0solo 97 empresas espa\u00f1olas superan el siglo de existencia.<\/p>\n<p>Ante esta estad\u00edstica, y ante el inevitable hecho de que \u00ab<em>en 100 a\u00f1os, todos calvos<\/em>\u00ab, hay que convivir con el\u00a0que antes o despu\u00e9s las personas nos vamos de este mundo y las empresas cierran o desaparecen de alguna otra manera (fusiones, adquisiciones, etc.).<\/p>\n<p>Y no me resulta extra\u00f1o imaginar c\u00f3mo una empresa despu\u00e9s de 15 a\u00f1os puede desaparecer, porque (no hace tanto) con 11 o 12 a\u00f1os, en plena crisis,\u00a0en <a href=\"http:\/\/www.encamina.com\" target=\"_blank\">ENCAMINA <\/a>las pasamos canutas (o peor) y esa era una de las opciones con m\u00e1s probabilidad contra la que estuvimos luchando (entre todos) contra viento y marea para evitarlo (y lo evitamos :-)).<\/p>\n<p><img loading=\"lazy\" decoding=\"async\" class=\"aligncenter wp-image-1166 size-medium\" src=\"http:\/\/blogs.encamina.com\/en-las-nubes\/wp-content\/uploads\/sites\/9\/2015\/05\/work-hard-and-never-surrender-257x300.png\" alt=\"work-hard-and-never-surrender\" width=\"257\" height=\"300\" srcset=\"https:\/\/encaminablogs.wpenginepowered.com\/en-las-nubes\/wp-content\/uploads\/sites\/9\/2015\/05\/work-hard-and-never-surrender-257x300.png 257w, https:\/\/encaminablogs.wpenginepowered.com\/en-las-nubes\/wp-content\/uploads\/sites\/9\/2015\/05\/work-hard-and-never-surrender.png 600w\" sizes=\"auto, (max-width: 257px) 100vw, 257px\" \/><\/p>\n<p>&nbsp;<\/p>\n<h2>\u00bfY qu\u00e9 se perder\u00eda si hoy cerr\u00e1ramos las persianas?<\/h2>\n<p>Vistas las estad\u00edsticas, en el plano macroecon\u00f3mico, parece que tan solo\u00a0hablar\u00edamos de una o dos empresas m\u00e1s a sumar, a las miles que mueren cada a\u00f1o&#8230;<\/p>\n<p>Acudiendo al plano cercano, estoy profundamente convencido\u00a0que la p\u00e9rdida ser\u00eda muy grave, porque no solo se trata de nuestra <strong>creaci\u00f3n de valor en el mercado<\/strong> (la productividad, competitividad y transformaci\u00f3n que\u00a0aportamos en\u00a0nuestros clientes), o de los <strong>puestos de trabajo<\/strong> implicados, o de los <strong>pagos a proveedores<\/strong>, o de los muchos <strong>impuestos<\/strong> con los que <strong>contribuimos a la sociedad<\/strong>, o de la aportaci\u00f3n de <strong>innovaci\u00f3n y creatividad<\/strong> en productos y servicios, o de la <strong>creaci\u00f3n de talento<\/strong> directa e indirecta dentro y fuera de nuestra casa. Se trata, adem\u00e1s, de <strong>una forma de hacer las cosas que vale la pena<\/strong>.<\/p>\n<p>Se trata de hacer todo lo anterior (<strong>valor en el mercado, empleo, empleabilidad, talento, riqueza en el entorno, innovaci\u00f3n, aire fresco,<\/strong> etc.), desde unos <a href=\"http:\/\/blogs.encamina.com\/en-las-nubes\/?s=valores\" target=\"_blank\">valores<\/a>, con una <a href=\"http:\/\/blogs.encamina.com\/en-las-nubes\/2013\/02\/13\/sobre-mision-vision-y-valores\/\" target=\"_blank\">visi\u00f3n <\/a>y ambici\u00f3n noble, <a href=\"http:\/\/blogs.encamina.com\/en-las-nubes\/?s=piensa+en+colores\" target=\"_blank\">pensando en colores<\/a>.<\/p>\n<p><a href=\"http:\/\/blogs.encamina.com\/en-las-nubes\/wp-content\/uploads\/sites\/9\/2013\/12\/un_mundo_mejor.jpg\"><img loading=\"lazy\" decoding=\"async\" class=\"aligncenter wp-image-846 size-medium\" src=\"http:\/\/blogs.encamina.com\/en-las-nubes\/wp-content\/uploads\/sites\/9\/2013\/12\/un_mundo_mejor-300x221.jpg\" alt=\"un_mundo_mejor\" width=\"300\" height=\"221\" srcset=\"https:\/\/encaminablogs.wpenginepowered.com\/en-las-nubes\/wp-content\/uploads\/sites\/9\/2013\/12\/un_mundo_mejor-300x221.jpg 300w, https:\/\/encaminablogs.wpenginepowered.com\/en-las-nubes\/wp-content\/uploads\/sites\/9\/2013\/12\/un_mundo_mejor.jpg 736w\" sizes=\"auto, (max-width: 300px) 100vw, 300px\" \/><\/a><\/p>\n<p>Venga como venga el futuro, y sin negar la muerte, <strong>lucharemos por seguir vivos siendo como somos, buscando la excelencia, creciendo, llegando m\u00e1s lejos, divirti\u00e9ndonos, aportando valor y sentido, haciendo que los peores momentos valgan la pena y que los mejores momentos\u00a0sean los que prevalezcan<\/strong>.<\/p>\n<p>&#8230;Y de momento, lo estamos consiguiendo \ud83d\ude42<\/p>\n<p><a href=\"http:\/\/blogs.encamina.com\/en-las-nubes\/wp-content\/uploads\/sites\/9\/2014\/12\/letsgo.png\"><img loading=\"lazy\" decoding=\"async\" class=\"aligncenter size-full wp-image-1087\" src=\"http:\/\/blogs.encamina.com\/en-las-nubes\/wp-content\/uploads\/sites\/9\/2014\/12\/letsgo.png\" alt=\"letsgo\" width=\"265\" height=\"190\" \/><\/a><\/p>\n<p>&nbsp;<\/p>\n<p>&nbsp;<\/p>\n<p>&nbsp;<\/p>\n<!-- AddThis Advanced Settings generic via filter on the_content --><!-- AddThis Share Buttons generic via filter on the_content --><span class=\"et_bloom_bottom_trigger\"><\/span>","protected":false},"excerpt":{"rendered":"<p>Rebuscando por Internet sobre mortandad de empresas, aparecen m\u00faltiples estudios. No me termino de fiar mucho de su precisi\u00f3n, pero en general dicen cosas como que: La mortalidad oscila entre un 30% y un 40% en las empresas nuevas, tras &hellip; <a href=\"https:\/\/blogs.encamina.com\/en-las-nubes\/reflexiones-del-xv-y-x-aniversario-iv-y-si-hoy-cerraramos-la-persiana\/\">Continue reading <span class=\"meta-nav\">&rarr;<\/span><\/a><!-- AddThis Advanced Settings generic via filter on get_the_excerpt --><!-- AddThis Share Buttons generic via filter on get_the_excerpt --><\/p>\n","protected":false},"author":9,"featured_media":0,"comment_status":"closed","ping_status":"closed","sticky":false,"template":"","format":"standard","meta":{"footnotes":""},"categories":[8],"tags":[29,108,27],"class_list":["post-1161","post","type-post","status-publish","format-standard","hentry","category-reflexiones","tag-aniversario","tag-trascendencia","tag-valores"],"yoast_head":"<!-- This site is optimized with the Yoast SEO Premium plugin v18.2.1 (Yoast SEO v27.3) - https:\/\/yoast.com\/product\/yoast-seo-premium-wordpress\/ -->\n<title>Reflexiones del XV y X aniversario (IV): \u00bfY si hoy cerr\u00e1ramos la persiana? - Con la cabeza en las nubes y los pies en el suelo<\/title>\n<meta name=\"robots\" content=\"index, follow, max-snippet:-1, max-image-preview:large, max-video-preview:-1\" \/>\n<link rel=\"canonical\" href=\"https:\/\/blogs.encamina.com\/en-las-nubes\/reflexiones-del-xv-y-x-aniversario-iv-y-si-hoy-cerraramos-la-persiana\/\" \/>\n<meta property=\"og:locale\" content=\"es_ES\" \/>\n<meta property=\"og:type\" content=\"article\" \/>\n<meta property=\"og:title\" content=\"Reflexiones del XV y X aniversario (IV): \u00bfY si hoy cerr\u00e1ramos la persiana?\" \/>\n<meta property=\"og:description\" content=\"Rebuscando por Internet sobre mortandad de empresas, aparecen m\u00faltiples estudios. No me termino de fiar mucho de su precisi\u00f3n, pero en general dicen cosas como que: La mortalidad oscila entre un 30% y un 40% en las empresas nuevas, tras &hellip; Continue reading &rarr;\" \/>\n<meta property=\"og:url\" content=\"https:\/\/blogs.encamina.com\/en-las-nubes\/reflexiones-del-xv-y-x-aniversario-iv-y-si-hoy-cerraramos-la-persiana\/\" \/>\n<meta property=\"og:site_name\" content=\"Con la cabeza en las nubes y los pies en el suelo\" \/>\n<meta property=\"article:author\" content=\"http:\/\/www.facebook.com\/pages\/encamina\/84575716581\" \/>\n<meta property=\"article:published_time\" content=\"2015-05-20T11:05:21+00:00\" \/>\n<meta property=\"article:modified_time\" content=\"2015-05-20T11:05:32+00:00\" \/>\n<meta property=\"og:image\" content=\"http:\/\/blogs.encamina.com\/en-las-nubes\/wp-content\/uploads\/sites\/9\/2015\/05\/luto.jpg\" \/>\n<meta name=\"author\" content=\"Hugo de Juan\" \/>\n<meta name=\"twitter:card\" content=\"summary_large_image\" \/>\n<meta name=\"twitter:creator\" content=\"@hdejuan\" \/>\n<meta name=\"twitter:label1\" content=\"Escrito por\" \/>\n\t<meta name=\"twitter:data1\" content=\"Hugo de Juan\" \/>\n\t<meta name=\"twitter:label2\" content=\"Tiempo de lectura\" \/>\n\t<meta name=\"twitter:data2\" content=\"3 minutos\" \/>\n<script type=\"application\/ld+json\" class=\"yoast-schema-graph\">{\"@context\":\"https:\\\/\\\/schema.org\",\"@graph\":[{\"@type\":\"Article\",\"@id\":\"https:\\\/\\\/blogs.encamina.com\\\/en-las-nubes\\\/reflexiones-del-xv-y-x-aniversario-iv-y-si-hoy-cerraramos-la-persiana\\\/#article\",\"isPartOf\":{\"@id\":\"https:\\\/\\\/blogs.encamina.com\\\/en-las-nubes\\\/reflexiones-del-xv-y-x-aniversario-iv-y-si-hoy-cerraramos-la-persiana\\\/\"},\"author\":{\"name\":\"Hugo de Juan\",\"@id\":\"https:\\\/\\\/blogs.encamina.com\\\/en-las-nubes\\\/#\\\/schema\\\/person\\\/486ee12091b3f96d238191159f897342\"},\"headline\":\"Reflexiones del XV y X aniversario (IV): \u00bfY si hoy cerr\u00e1ramos la persiana?\",\"datePublished\":\"2015-05-20T11:05:21+00:00\",\"dateModified\":\"2015-05-20T11:05:32+00:00\",\"mainEntityOfPage\":{\"@id\":\"https:\\\/\\\/blogs.encamina.com\\\/en-las-nubes\\\/reflexiones-del-xv-y-x-aniversario-iv-y-si-hoy-cerraramos-la-persiana\\\/\"},\"wordCount\":521,\"image\":{\"@id\":\"https:\\\/\\\/blogs.encamina.com\\\/en-las-nubes\\\/reflexiones-del-xv-y-x-aniversario-iv-y-si-hoy-cerraramos-la-persiana\\\/#primaryimage\"},\"thumbnailUrl\":\"http:\\\/\\\/blogs.encamina.com\\\/en-las-nubes\\\/wp-content\\\/uploads\\\/sites\\\/9\\\/2015\\\/05\\\/luto.jpg\",\"keywords\":[\"aniversario\",\"trascendencia\",\"valores\"],\"articleSection\":[\"reflexiones\"],\"inLanguage\":\"es\"},{\"@type\":\"WebPage\",\"@id\":\"https:\\\/\\\/blogs.encamina.com\\\/en-las-nubes\\\/reflexiones-del-xv-y-x-aniversario-iv-y-si-hoy-cerraramos-la-persiana\\\/\",\"url\":\"https:\\\/\\\/blogs.encamina.com\\\/en-las-nubes\\\/reflexiones-del-xv-y-x-aniversario-iv-y-si-hoy-cerraramos-la-persiana\\\/\",\"name\":\"Reflexiones del XV y X aniversario (IV): \u00bfY si hoy cerr\u00e1ramos la persiana? - Con la cabeza en las nubes y los pies en el suelo\",\"isPartOf\":{\"@id\":\"https:\\\/\\\/blogs.encamina.com\\\/en-las-nubes\\\/#website\"},\"primaryImageOfPage\":{\"@id\":\"https:\\\/\\\/blogs.encamina.com\\\/en-las-nubes\\\/reflexiones-del-xv-y-x-aniversario-iv-y-si-hoy-cerraramos-la-persiana\\\/#primaryimage\"},\"image\":{\"@id\":\"https:\\\/\\\/blogs.encamina.com\\\/en-las-nubes\\\/reflexiones-del-xv-y-x-aniversario-iv-y-si-hoy-cerraramos-la-persiana\\\/#primaryimage\"},\"thumbnailUrl\":\"http:\\\/\\\/blogs.encamina.com\\\/en-las-nubes\\\/wp-content\\\/uploads\\\/sites\\\/9\\\/2015\\\/05\\\/luto.jpg\",\"datePublished\":\"2015-05-20T11:05:21+00:00\",\"dateModified\":\"2015-05-20T11:05:32+00:00\",\"author\":{\"@id\":\"https:\\\/\\\/blogs.encamina.com\\\/en-las-nubes\\\/#\\\/schema\\\/person\\\/486ee12091b3f96d238191159f897342\"},\"inLanguage\":\"es\",\"potentialAction\":[{\"@type\":\"ReadAction\",\"target\":[\"https:\\\/\\\/blogs.encamina.com\\\/en-las-nubes\\\/reflexiones-del-xv-y-x-aniversario-iv-y-si-hoy-cerraramos-la-persiana\\\/\"]}]},{\"@type\":\"ImageObject\",\"inLanguage\":\"es\",\"@id\":\"https:\\\/\\\/blogs.encamina.com\\\/en-las-nubes\\\/reflexiones-del-xv-y-x-aniversario-iv-y-si-hoy-cerraramos-la-persiana\\\/#primaryimage\",\"url\":\"https:\\\/\\\/blogs.encamina.com\\\/en-las-nubes\\\/wp-content\\\/uploads\\\/sites\\\/9\\\/2015\\\/05\\\/luto.jpg\",\"contentUrl\":\"https:\\\/\\\/blogs.encamina.com\\\/en-las-nubes\\\/wp-content\\\/uploads\\\/sites\\\/9\\\/2015\\\/05\\\/luto.jpg\",\"width\":189,\"height\":267},{\"@type\":\"WebSite\",\"@id\":\"https:\\\/\\\/blogs.encamina.com\\\/en-las-nubes\\\/#website\",\"url\":\"https:\\\/\\\/blogs.encamina.com\\\/en-las-nubes\\\/\",\"name\":\"Con la cabeza en las nubes y los pies en el suelo\",\"description\":\"El proyecto empresarial necesita visi\u00f3n, pasi\u00f3n y un sue\u00f1o al final del camino, pero tambi\u00e9n hay que pisar tierra con paso firme y recuperarse de tropiezos m\u00e1s bien poco divinos.\",\"potentialAction\":[{\"@type\":\"SearchAction\",\"target\":{\"@type\":\"EntryPoint\",\"urlTemplate\":\"https:\\\/\\\/blogs.encamina.com\\\/en-las-nubes\\\/?s={search_term_string}\"},\"query-input\":{\"@type\":\"PropertyValueSpecification\",\"valueRequired\":true,\"valueName\":\"search_term_string\"}}],\"inLanguage\":\"es\"},{\"@type\":\"Person\",\"@id\":\"https:\\\/\\\/blogs.encamina.com\\\/en-las-nubes\\\/#\\\/schema\\\/person\\\/486ee12091b3f96d238191159f897342\",\"name\":\"Hugo de Juan\",\"image\":{\"@type\":\"ImageObject\",\"inLanguage\":\"es\",\"@id\":\"https:\\\/\\\/secure.gravatar.com\\\/avatar\\\/da3366cf2fa4f0204b16b93ed8302a0c44452d571f45c1c3b63b3200ca8bd12f?s=96&d=mm&r=g\",\"url\":\"https:\\\/\\\/secure.gravatar.com\\\/avatar\\\/da3366cf2fa4f0204b16b93ed8302a0c44452d571f45c1c3b63b3200ca8bd12f?s=96&d=mm&r=g\",\"contentUrl\":\"https:\\\/\\\/secure.gravatar.com\\\/avatar\\\/da3366cf2fa4f0204b16b93ed8302a0c44452d571f45c1c3b63b3200ca8bd12f?s=96&d=mm&r=g\",\"caption\":\"Hugo de Juan\"},\"description\":\"Ingeniero de Telecomunicaci\u00f3n en mis bases pas\u00e9 al lado oscuro con un master en Marketing y posteriormente con un executive MBA. Hoy CEO en ENCAMINA, socio director en ENTRESISTEMAS, profesor postgrado en ESIC Marketing &amp; Business School, estudiante y Doctor Ingeniero en econom\u00eda digital y sobre todo currante en muchas cosas. Me va el marketing, la tecnolog\u00eda, mi familia, los amigos y la vida buena, incluso m\u00e1s que la buena vida.\",\"sameAs\":[\"http:\\\/\\\/www.facebook.com\\\/pages\\\/encamina\\\/84575716581\",\"http:\\\/\\\/es.linkedin.com\\\/in\\\/hugodejuan\\\/\",\"https:\\\/\\\/x.com\\\/hdejuan\",\"http:\\\/\\\/www.slideshare.net\\\/encamina\"],\"url\":\"https:\\\/\\\/blogs.encamina.com\\\/en-las-nubes\\\/author\\\/hdejuan\\\/\"}]}<\/script>\n<!-- \/ Yoast SEO Premium plugin. -->","yoast_head_json":{"title":"Reflexiones del XV y X aniversario (IV): \u00bfY si hoy cerr\u00e1ramos la persiana? - Con la cabeza en las nubes y los pies en el suelo","robots":{"index":"index","follow":"follow","max-snippet":"max-snippet:-1","max-image-preview":"max-image-preview:large","max-video-preview":"max-video-preview:-1"},"canonical":"https:\/\/blogs.encamina.com\/en-las-nubes\/reflexiones-del-xv-y-x-aniversario-iv-y-si-hoy-cerraramos-la-persiana\/","og_locale":"es_ES","og_type":"article","og_title":"Reflexiones del XV y X aniversario (IV): \u00bfY si hoy cerr\u00e1ramos la persiana?","og_description":"Rebuscando por Internet sobre mortandad de empresas, aparecen m\u00faltiples estudios. No me termino de fiar mucho de su precisi\u00f3n, pero en general dicen cosas como que: La mortalidad oscila entre un 30% y un 40% en las empresas nuevas, tras &hellip; Continue reading &rarr;","og_url":"https:\/\/blogs.encamina.com\/en-las-nubes\/reflexiones-del-xv-y-x-aniversario-iv-y-si-hoy-cerraramos-la-persiana\/","og_site_name":"Con la cabeza en las nubes y los pies en el suelo","article_author":"http:\/\/www.facebook.com\/pages\/encamina\/84575716581","article_published_time":"2015-05-20T11:05:21+00:00","article_modified_time":"2015-05-20T11:05:32+00:00","og_image":[{"url":"http:\/\/blogs.encamina.com\/en-las-nubes\/wp-content\/uploads\/sites\/9\/2015\/05\/luto.jpg","type":"","width":"","height":""}],"author":"Hugo de Juan","twitter_card":"summary_large_image","twitter_creator":"@hdejuan","twitter_misc":{"Escrito por":"Hugo de Juan","Tiempo de lectura":"3 minutos"},"schema":{"@context":"https:\/\/schema.org","@graph":[{"@type":"Article","@id":"https:\/\/blogs.encamina.com\/en-las-nubes\/reflexiones-del-xv-y-x-aniversario-iv-y-si-hoy-cerraramos-la-persiana\/#article","isPartOf":{"@id":"https:\/\/blogs.encamina.com\/en-las-nubes\/reflexiones-del-xv-y-x-aniversario-iv-y-si-hoy-cerraramos-la-persiana\/"},"author":{"name":"Hugo de Juan","@id":"https:\/\/blogs.encamina.com\/en-las-nubes\/#\/schema\/person\/486ee12091b3f96d238191159f897342"},"headline":"Reflexiones del XV y X aniversario (IV): \u00bfY si hoy cerr\u00e1ramos la persiana?","datePublished":"2015-05-20T11:05:21+00:00","dateModified":"2015-05-20T11:05:32+00:00","mainEntityOfPage":{"@id":"https:\/\/blogs.encamina.com\/en-las-nubes\/reflexiones-del-xv-y-x-aniversario-iv-y-si-hoy-cerraramos-la-persiana\/"},"wordCount":521,"image":{"@id":"https:\/\/blogs.encamina.com\/en-las-nubes\/reflexiones-del-xv-y-x-aniversario-iv-y-si-hoy-cerraramos-la-persiana\/#primaryimage"},"thumbnailUrl":"http:\/\/blogs.encamina.com\/en-las-nubes\/wp-content\/uploads\/sites\/9\/2015\/05\/luto.jpg","keywords":["aniversario","trascendencia","valores"],"articleSection":["reflexiones"],"inLanguage":"es"},{"@type":"WebPage","@id":"https:\/\/blogs.encamina.com\/en-las-nubes\/reflexiones-del-xv-y-x-aniversario-iv-y-si-hoy-cerraramos-la-persiana\/","url":"https:\/\/blogs.encamina.com\/en-las-nubes\/reflexiones-del-xv-y-x-aniversario-iv-y-si-hoy-cerraramos-la-persiana\/","name":"Reflexiones del XV y X aniversario (IV): \u00bfY si hoy cerr\u00e1ramos la persiana? - Con la cabeza en las nubes y los pies en el suelo","isPartOf":{"@id":"https:\/\/blogs.encamina.com\/en-las-nubes\/#website"},"primaryImageOfPage":{"@id":"https:\/\/blogs.encamina.com\/en-las-nubes\/reflexiones-del-xv-y-x-aniversario-iv-y-si-hoy-cerraramos-la-persiana\/#primaryimage"},"image":{"@id":"https:\/\/blogs.encamina.com\/en-las-nubes\/reflexiones-del-xv-y-x-aniversario-iv-y-si-hoy-cerraramos-la-persiana\/#primaryimage"},"thumbnailUrl":"http:\/\/blogs.encamina.com\/en-las-nubes\/wp-content\/uploads\/sites\/9\/2015\/05\/luto.jpg","datePublished":"2015-05-20T11:05:21+00:00","dateModified":"2015-05-20T11:05:32+00:00","author":{"@id":"https:\/\/blogs.encamina.com\/en-las-nubes\/#\/schema\/person\/486ee12091b3f96d238191159f897342"},"inLanguage":"es","potentialAction":[{"@type":"ReadAction","target":["https:\/\/blogs.encamina.com\/en-las-nubes\/reflexiones-del-xv-y-x-aniversario-iv-y-si-hoy-cerraramos-la-persiana\/"]}]},{"@type":"ImageObject","inLanguage":"es","@id":"https:\/\/blogs.encamina.com\/en-las-nubes\/reflexiones-del-xv-y-x-aniversario-iv-y-si-hoy-cerraramos-la-persiana\/#primaryimage","url":"https:\/\/blogs.encamina.com\/en-las-nubes\/wp-content\/uploads\/sites\/9\/2015\/05\/luto.jpg","contentUrl":"https:\/\/blogs.encamina.com\/en-las-nubes\/wp-content\/uploads\/sites\/9\/2015\/05\/luto.jpg","width":189,"height":267},{"@type":"WebSite","@id":"https:\/\/blogs.encamina.com\/en-las-nubes\/#website","url":"https:\/\/blogs.encamina.com\/en-las-nubes\/","name":"Con la cabeza en las nubes y los pies en el suelo","description":"El proyecto empresarial necesita visi\u00f3n, pasi\u00f3n y un sue\u00f1o al final del camino, pero tambi\u00e9n hay que pisar tierra con paso firme y recuperarse de tropiezos m\u00e1s bien poco divinos.","potentialAction":[{"@type":"SearchAction","target":{"@type":"EntryPoint","urlTemplate":"https:\/\/blogs.encamina.com\/en-las-nubes\/?s={search_term_string}"},"query-input":{"@type":"PropertyValueSpecification","valueRequired":true,"valueName":"search_term_string"}}],"inLanguage":"es"},{"@type":"Person","@id":"https:\/\/blogs.encamina.com\/en-las-nubes\/#\/schema\/person\/486ee12091b3f96d238191159f897342","name":"Hugo de Juan","image":{"@type":"ImageObject","inLanguage":"es","@id":"https:\/\/secure.gravatar.com\/avatar\/da3366cf2fa4f0204b16b93ed8302a0c44452d571f45c1c3b63b3200ca8bd12f?s=96&d=mm&r=g","url":"https:\/\/secure.gravatar.com\/avatar\/da3366cf2fa4f0204b16b93ed8302a0c44452d571f45c1c3b63b3200ca8bd12f?s=96&d=mm&r=g","contentUrl":"https:\/\/secure.gravatar.com\/avatar\/da3366cf2fa4f0204b16b93ed8302a0c44452d571f45c1c3b63b3200ca8bd12f?s=96&d=mm&r=g","caption":"Hugo de Juan"},"description":"Ingeniero de Telecomunicaci\u00f3n en mis bases pas\u00e9 al lado oscuro con un master en Marketing y posteriormente con un executive MBA. Hoy CEO en ENCAMINA, socio director en ENTRESISTEMAS, profesor postgrado en ESIC Marketing &amp; Business School, estudiante y Doctor Ingeniero en econom\u00eda digital y sobre todo currante en muchas cosas. Me va el marketing, la tecnolog\u00eda, mi familia, los amigos y la vida buena, incluso m\u00e1s que la buena vida.","sameAs":["http:\/\/www.facebook.com\/pages\/encamina\/84575716581","http:\/\/es.linkedin.com\/in\/hugodejuan\/","https:\/\/x.com\/hdejuan","http:\/\/www.slideshare.net\/encamina"],"url":"https:\/\/blogs.encamina.com\/en-las-nubes\/author\/hdejuan\/"}]}},"_links":{"self":[{"href":"https:\/\/blogs.encamina.com\/en-las-nubes\/wp-json\/wp\/v2\/posts\/1161","targetHints":{"allow":["GET"]}}],"collection":[{"href":"https:\/\/blogs.encamina.com\/en-las-nubes\/wp-json\/wp\/v2\/posts"}],"about":[{"href":"https:\/\/blogs.encamina.com\/en-las-nubes\/wp-json\/wp\/v2\/types\/post"}],"author":[{"embeddable":true,"href":"https:\/\/blogs.encamina.com\/en-las-nubes\/wp-json\/wp\/v2\/users\/9"}],"replies":[{"embeddable":true,"href":"https:\/\/blogs.encamina.com\/en-las-nubes\/wp-json\/wp\/v2\/comments?post=1161"}],"version-history":[{"count":0,"href":"https:\/\/blogs.encamina.com\/en-las-nubes\/wp-json\/wp\/v2\/posts\/1161\/revisions"}],"wp:attachment":[{"href":"https:\/\/blogs.encamina.com\/en-las-nubes\/wp-json\/wp\/v2\/media?parent=1161"}],"wp:term":[{"taxonomy":"category","embeddable":true,"href":"https:\/\/blogs.encamina.com\/en-las-nubes\/wp-json\/wp\/v2\/categories?post=1161"},{"taxonomy":"post_tag","embeddable":true,"href":"https:\/\/blogs.encamina.com\/en-las-nubes\/wp-json\/wp\/v2\/tags?post=1161"}],"curies":[{"name":"wp","href":"https:\/\/api.w.org\/{rel}","templated":true}]}}