{"id":1466,"date":"2015-01-13T11:00:37","date_gmt":"2015-01-13T10:00:37","guid":{"rendered":"http:\/\/blogs.encamina.com\/desarrollandosobresharepoint\/?p=1466"},"modified":"2015-01-12T09:57:32","modified_gmt":"2015-01-12T08:57:32","slug":"el-branding-debe-incluirse-en-la-gobernanza","status":"publish","type":"post","link":"https:\/\/blogs.encamina.com\/desarrollandosobresharepoint\/el-branding-debe-incluirse-en-la-gobernanza\/","title":{"rendered":"\u00bfEl branding debe incluirse en la Gobernanza?"},"content":{"rendered":"<p><img loading=\"lazy\" decoding=\"async\" class=\"aligncenter\" src=\"http:\/\/www.capitaldemarca.com\/wp-content\/uploads\/2013\/01\/Corporate-Branding.jpg\" alt=\"branding\" width=\"624\" height=\"343\" \/><\/p>\n<p>Si en la anterior entrada habl\u00e1bamos de que el desarrollo era el gran olvidado en los planes de gobernabilidad de SharePoint de las empresas, varias personas me comentaron si el <strong>dise\u00f1o\/branding debe incluirse en dicho plan<\/strong>. Para contestar a esta pregunta, en primer lugar debemos definir <strong>cu\u00e1les son los puntos claves sobre los que quieres gestionar el gobierno de SharePoint. <\/strong>En mi opini\u00f3n los <strong>puntos claves<\/strong> son tres:<\/p>\n<ul>\n<li>Control TI<\/li>\n<li>Administraci\u00f3n de la Informaci\u00f3n<\/li>\n<li>Administraci\u00f3n de aplicaciones.<\/li>\n<\/ul>\n<p>Dentro del Control TI es d\u00f3nde incluimos el apartado de desarrollo por los puntos que citamos en dicho art\u00edculo. El branding o dise\u00f1o \u00absolamente\u00bb es la forma en la que se representa a las aplicaciones. <strong>El dise\u00f1o y la usabilidad de la aplicaci\u00f3n es algo muy importante. <\/strong>Una buena experiencia de usuario hace que aplicaciones mediocres tengan ventajas sobre otras aplicaciones funcionalmente mejores pero m\u00e1s dif\u00edciles de usar para un usuario avanzado.<\/p>\n<h2>Ahora bien, \u00bfel dise\u00f1o deber\u00eda ser controlado en la Gobernanza de SharePoint?<\/h2>\n<p><a href=\"http:\/\/blogs.encamina.com\/desarrollandosobresharepoint\/wp-content\/uploads\/sites\/8\/2015\/01\/images.jpg\"><img loading=\"lazy\" decoding=\"async\" class=\" size-full wp-image-1467 alignleft\" src=\"http:\/\/blogs.encamina.com\/desarrollandosobresharepoint\/wp-content\/uploads\/sites\/8\/2015\/01\/images.jpg\" alt=\"images\" width=\"299\" height=\"168\" \/><\/a><\/p>\n<p>Seg\u00fan la documentaci\u00f3n que proporciona Microsoft<a href=\"http:\/\/zoom.it\/vb5G#full\" target=\"_blank\"> sobre un plan de Gobernanza<\/a> <strong>se debe incluir un plan sobre el Branding.<\/strong> En dicho art\u00edculo se indica que <strong>la organizaci\u00f3n debe tener una gu\u00eda de dise\u00f1o<\/strong>, es decir, un lugar en el que se indiquen aspectos colaborativos como son colores, letra, logos y aspectos que visualmente se deben de tener en cuenta. El principal motivo de esto es para <strong>facilitar la adopci\u00f3n de la plataforma a los usuarios. <\/strong>Por ejemplo,<strong>\u00a0<\/strong>si todas las aplicaciones tienen el logo en la parte izquierda, no deber\u00edamos tener aplicaciones con el logo en la parte derecha.<\/p>\n<p>Esta informaci\u00f3n sobre la gu\u00eda de dise\u00f1o es algo que se debe mencionar en el Plan de Gobernanza, pero dicha gu\u00eda no debe ser parte del documento de gobernanza.<\/p>\n<h2><\/h2>\n<h2>\u00bfPor qu\u00e9?<\/h2>\n<p>De la misma forma por la que en la parte del desarrollo se indicaba que debemos de tener un manual de buenas pr\u00e1cticas de desarrollo y que este manual no se inclu\u00eda en el documento de la gobernabilidad. <strong>La gu\u00eda de dise\u00f1o no debe de formar parte,<\/strong> principalmente porque esta gu\u00eda no depende de todos los integrantes del gobierno de SharePoint, sino que <strong>depende de un departamento concreto el cu\u00e1l es el que debe de marcar las pautas en cuanto a dise\u00f1o en la organizaci\u00f3n.<\/strong><\/p>\n<p>&nbsp;<\/p>\n<h2>\u00bfDebemos incluir qu\u00e9 herramientas de dise\u00f1o utilizar?<\/h2>\n<p>Otro aspecto que se menciona en el art\u00edculo de Microsoft es que <strong>se debe utilizar Design Manager para los aspectos relativos al dise\u00f1o<\/strong>. <strong>En mi opini\u00f3n, ning\u00fan Plan de Gobernabilidad debe de incluir qu\u00e9 herramientas utilizar<\/strong>. Uno de los motivos es que naturalmente todos los miembros que forman el gobierno de SharePoint no disponen de los conocimientos necesarios para saber que herramienta es mejor que otra. Pero, adem\u00e1s de este motivo, para m\u00ed el principal motivo es que <strong>lo que debe de indicar el documento de Gobernanza es que se utilicen herramientas \u00f3ptimas y adecuadas<\/strong>. En esta definici\u00f3n, cada equipo de desarrollo es un mundo y quiz\u00e1s a unas personas les gusta utilizar WebStorm para escribir el JavaScript y quiz\u00e1s a otras personas les gusta SharePoint Designer. \u00a1Para gustos colores! Pero independientemente de la herramienta que se utilice, \u00e9sta debe ser \u00f3ptima y debe\u00a0ahorrar tiempo (por lo tanto queda claro que Designer no se puede utilizar aunque no lo indiquemos impl\u00edcitamente).<\/p>\n<h2><\/h2>\n<h1>Conclusi\u00f3n<\/h1>\n<p>Muchas organizaciones instalan una infraestructura de SharePoint muy potente, pero al cabo del tiempo deja de funcionar. El motivo principal es que no hay plan para administrar\/gobernar SharePoint. Si en tu organizaci\u00f3n todav\u00eda no se dispone de esta Gobernabilidad, como consejo: <strong>ir pensando en un plan para ir gobernando<\/strong>. SharePoint es un producto muy grande y completo. No se puede instalar y pensar que con buenas intenciones se va a mantener.<\/p>\n<!-- AddThis Advanced Settings generic via filter on the_content --><!-- AddThis Share Buttons generic via filter on the_content --><span class=\"et_bloom_bottom_trigger\"><\/span>","protected":false},"excerpt":{"rendered":"<p>Si en la anterior entrada habl\u00e1bamos de que el desarrollo era el gran olvidado en los planes de gobernabilidad de SharePoint de las empresas, varias personas me comentaron si el dise\u00f1o\/branding debe incluirse en dicho plan. Para contestar a esta &hellip; <a href=\"https:\/\/blogs.encamina.com\/desarrollandosobresharepoint\/el-branding-debe-incluirse-en-la-gobernanza\/\">Continue reading <span class=\"meta-nav\">&rarr;<\/span><\/a><!-- AddThis Advanced Settings generic via filter on get_the_excerpt --><!-- AddThis Share Buttons generic via filter on get_the_excerpt --><\/p>\n","protected":false},"author":8,"featured_media":0,"comment_status":"open","ping_status":"open","sticky":false,"template":"","format":"standard","meta":{"footnotes":""},"categories":[2],"tags":[129],"class_list":["post-1466","post","type-post","status-publish","format-standard","hentry","category-buenas-practicas","tag-gobarnanza"],"yoast_head":"<!-- This site is optimized with the Yoast SEO Premium plugin v18.2.1 (Yoast SEO v27.3) - https:\/\/yoast.com\/product\/yoast-seo-premium-wordpress\/ -->\n<title>\u00bfEl branding debe incluirse en la Gobernanza? - Desarrollando sobre SharePoint<\/title>\n<meta name=\"description\" content=\"En este articulo vamos a analizar si debemos de incluir el branding dentro del documento de gobernabilidad de SharePoint\" \/>\n<meta name=\"robots\" content=\"index, follow, max-snippet:-1, max-image-preview:large, max-video-preview:-1\" \/>\n<link rel=\"canonical\" href=\"https:\/\/blogs.encamina.com\/desarrollandosobresharepoint\/el-branding-debe-incluirse-en-la-gobernanza\/\" \/>\n<meta name=\"twitter:card\" content=\"summary_large_image\" \/>\n<meta name=\"twitter:title\" content=\"\u00bfEl branding debe incluirse en la Gobernanza? - Desarrollando sobre SharePoint\" \/>\n<meta name=\"twitter:description\" content=\"En este articulo vamos a analizar si debemos de incluir el branding dentro del documento de gobernabilidad de SharePoint\" \/>\n<meta name=\"twitter:image\" content=\"http:\/\/www.capitaldemarca.com\/wp-content\/uploads\/2013\/01\/Corporate-Branding.jpg\" \/>\n<meta name=\"twitter:label1\" content=\"Escrito por\" \/>\n\t<meta name=\"twitter:data1\" content=\"Adri\u00e1n D\u00edaz\" \/>\n\t<meta name=\"twitter:label2\" content=\"Tiempo de lectura\" \/>\n\t<meta name=\"twitter:data2\" content=\"3 minutos\" \/>\n<script type=\"application\/ld+json\" class=\"yoast-schema-graph\">{\"@context\":\"https:\\\/\\\/schema.org\",\"@graph\":[{\"@type\":\"Article\",\"@id\":\"https:\\\/\\\/blogs.encamina.com\\\/desarrollandosobresharepoint\\\/el-branding-debe-incluirse-en-la-gobernanza\\\/#article\",\"isPartOf\":{\"@id\":\"https:\\\/\\\/blogs.encamina.com\\\/desarrollandosobresharepoint\\\/el-branding-debe-incluirse-en-la-gobernanza\\\/\"},\"author\":{\"name\":\"Adri\u00e1n D\u00edaz\",\"@id\":\"https:\\\/\\\/blogs.encamina.com\\\/desarrollandosobresharepoint\\\/#\\\/schema\\\/person\\\/c9bfaede1bfba9564bb7f500788782bb\"},\"headline\":\"\u00bfEl branding debe incluirse en la Gobernanza?\",\"datePublished\":\"2015-01-13T10:00:37+00:00\",\"mainEntityOfPage\":{\"@id\":\"https:\\\/\\\/blogs.encamina.com\\\/desarrollandosobresharepoint\\\/el-branding-debe-incluirse-en-la-gobernanza\\\/\"},\"wordCount\":676,\"commentCount\":0,\"image\":{\"@id\":\"https:\\\/\\\/blogs.encamina.com\\\/desarrollandosobresharepoint\\\/el-branding-debe-incluirse-en-la-gobernanza\\\/#primaryimage\"},\"thumbnailUrl\":\"http:\\\/\\\/www.capitaldemarca.com\\\/wp-content\\\/uploads\\\/2013\\\/01\\\/Corporate-Branding.jpg\",\"keywords\":[\"gobarnanza\"],\"articleSection\":[\"buenas practicas\"],\"inLanguage\":\"es\",\"potentialAction\":[{\"@type\":\"CommentAction\",\"name\":\"Comment\",\"target\":[\"https:\\\/\\\/blogs.encamina.com\\\/desarrollandosobresharepoint\\\/el-branding-debe-incluirse-en-la-gobernanza\\\/#respond\"]}]},{\"@type\":\"WebPage\",\"@id\":\"https:\\\/\\\/blogs.encamina.com\\\/desarrollandosobresharepoint\\\/el-branding-debe-incluirse-en-la-gobernanza\\\/\",\"url\":\"https:\\\/\\\/blogs.encamina.com\\\/desarrollandosobresharepoint\\\/el-branding-debe-incluirse-en-la-gobernanza\\\/\",\"name\":\"\u00bfEl branding debe incluirse en la Gobernanza? - Desarrollando sobre SharePoint\",\"isPartOf\":{\"@id\":\"https:\\\/\\\/blogs.encamina.com\\\/desarrollandosobresharepoint\\\/#website\"},\"primaryImageOfPage\":{\"@id\":\"https:\\\/\\\/blogs.encamina.com\\\/desarrollandosobresharepoint\\\/el-branding-debe-incluirse-en-la-gobernanza\\\/#primaryimage\"},\"image\":{\"@id\":\"https:\\\/\\\/blogs.encamina.com\\\/desarrollandosobresharepoint\\\/el-branding-debe-incluirse-en-la-gobernanza\\\/#primaryimage\"},\"thumbnailUrl\":\"http:\\\/\\\/www.capitaldemarca.com\\\/wp-content\\\/uploads\\\/2013\\\/01\\\/Corporate-Branding.jpg\",\"datePublished\":\"2015-01-13T10:00:37+00:00\",\"author\":{\"@id\":\"https:\\\/\\\/blogs.encamina.com\\\/desarrollandosobresharepoint\\\/#\\\/schema\\\/person\\\/c9bfaede1bfba9564bb7f500788782bb\"},\"description\":\"En este articulo vamos a analizar si debemos de incluir el branding dentro del documento de gobernabilidad de SharePoint\",\"inLanguage\":\"es\",\"potentialAction\":[{\"@type\":\"ReadAction\",\"target\":[\"https:\\\/\\\/blogs.encamina.com\\\/desarrollandosobresharepoint\\\/el-branding-debe-incluirse-en-la-gobernanza\\\/\"]}]},{\"@type\":\"ImageObject\",\"inLanguage\":\"es\",\"@id\":\"https:\\\/\\\/blogs.encamina.com\\\/desarrollandosobresharepoint\\\/el-branding-debe-incluirse-en-la-gobernanza\\\/#primaryimage\",\"url\":\"http:\\\/\\\/www.capitaldemarca.com\\\/wp-content\\\/uploads\\\/2013\\\/01\\\/Corporate-Branding.jpg\",\"contentUrl\":\"http:\\\/\\\/www.capitaldemarca.com\\\/wp-content\\\/uploads\\\/2013\\\/01\\\/Corporate-Branding.jpg\"},{\"@type\":\"WebSite\",\"@id\":\"https:\\\/\\\/blogs.encamina.com\\\/desarrollandosobresharepoint\\\/#website\",\"url\":\"https:\\\/\\\/blogs.encamina.com\\\/desarrollandosobresharepoint\\\/\",\"name\":\"Desarrollando sobre SharePoint\",\"description\":\"Arquitectura, buenas pr\u00e1cticas y desarrollo sobre la nueva herramienta de Microsoft SharePoint 2016\",\"potentialAction\":[{\"@type\":\"SearchAction\",\"target\":{\"@type\":\"EntryPoint\",\"urlTemplate\":\"https:\\\/\\\/blogs.encamina.com\\\/desarrollandosobresharepoint\\\/?s={search_term_string}\"},\"query-input\":{\"@type\":\"PropertyValueSpecification\",\"valueRequired\":true,\"valueName\":\"search_term_string\"}}],\"inLanguage\":\"es\"},{\"@type\":\"Person\",\"@id\":\"https:\\\/\\\/blogs.encamina.com\\\/desarrollandosobresharepoint\\\/#\\\/schema\\\/person\\\/c9bfaede1bfba9564bb7f500788782bb\",\"name\":\"Adri\u00e1n D\u00edaz\",\"image\":{\"@type\":\"ImageObject\",\"inLanguage\":\"es\",\"@id\":\"https:\\\/\\\/secure.gravatar.com\\\/avatar\\\/fe10b9eaf8ce4565ec75fba5a0d121c16186696e515cad2bedd42f6cf54e2007?s=96&d=mm&r=g\",\"url\":\"https:\\\/\\\/secure.gravatar.com\\\/avatar\\\/fe10b9eaf8ce4565ec75fba5a0d121c16186696e515cad2bedd42f6cf54e2007?s=96&d=mm&r=g\",\"contentUrl\":\"https:\\\/\\\/secure.gravatar.com\\\/avatar\\\/fe10b9eaf8ce4565ec75fba5a0d121c16186696e515cad2bedd42f6cf54e2007?s=96&d=mm&r=g\",\"caption\":\"Adri\u00e1n D\u00edaz\"},\"description\":\"Adri\u00e1n D\u00edaz es Ingeniero Inform\u00e1tico por la Universidad Polit\u00e9cnica de Valencia. Es MVP de Microsoft en la categor\u00eda Office Development desde 2014, MCPD de SharePoint 2010, Microsoft Active Profesional y Microsoft Comunity Contribuitor 2012. Cofundador del grupo de usuarios de SharePoint de Levante LevaPoint. Lleva desarrollando con tecnolog\u00edas Microsoft m\u00e1s de 10 a\u00f1os y desde hace 3 a\u00f1os est\u00e1 centrado en el desarrollo sobre SharePoint. Actualmente es Software &amp; Cloud Architect Lead en ENCAMINA.\",\"url\":\"https:\\\/\\\/blogs.encamina.com\\\/desarrollandosobresharepoint\\\/author\\\/desarrollandosobresharepoint\\\/\"}]}<\/script>\n<!-- \/ Yoast SEO Premium plugin. -->","yoast_head_json":{"title":"\u00bfEl branding debe incluirse en la Gobernanza? - Desarrollando sobre SharePoint","description":"En este articulo vamos a analizar si debemos de incluir el branding dentro del documento de gobernabilidad de SharePoint","robots":{"index":"index","follow":"follow","max-snippet":"max-snippet:-1","max-image-preview":"max-image-preview:large","max-video-preview":"max-video-preview:-1"},"canonical":"https:\/\/blogs.encamina.com\/desarrollandosobresharepoint\/el-branding-debe-incluirse-en-la-gobernanza\/","twitter_card":"summary_large_image","twitter_title":"\u00bfEl branding debe incluirse en la Gobernanza? - Desarrollando sobre SharePoint","twitter_description":"En este articulo vamos a analizar si debemos de incluir el branding dentro del documento de gobernabilidad de SharePoint","twitter_image":"http:\/\/www.capitaldemarca.com\/wp-content\/uploads\/2013\/01\/Corporate-Branding.jpg","twitter_misc":{"Escrito por":"Adri\u00e1n D\u00edaz","Tiempo de lectura":"3 minutos"},"schema":{"@context":"https:\/\/schema.org","@graph":[{"@type":"Article","@id":"https:\/\/blogs.encamina.com\/desarrollandosobresharepoint\/el-branding-debe-incluirse-en-la-gobernanza\/#article","isPartOf":{"@id":"https:\/\/blogs.encamina.com\/desarrollandosobresharepoint\/el-branding-debe-incluirse-en-la-gobernanza\/"},"author":{"name":"Adri\u00e1n D\u00edaz","@id":"https:\/\/blogs.encamina.com\/desarrollandosobresharepoint\/#\/schema\/person\/c9bfaede1bfba9564bb7f500788782bb"},"headline":"\u00bfEl branding debe incluirse en la Gobernanza?","datePublished":"2015-01-13T10:00:37+00:00","mainEntityOfPage":{"@id":"https:\/\/blogs.encamina.com\/desarrollandosobresharepoint\/el-branding-debe-incluirse-en-la-gobernanza\/"},"wordCount":676,"commentCount":0,"image":{"@id":"https:\/\/blogs.encamina.com\/desarrollandosobresharepoint\/el-branding-debe-incluirse-en-la-gobernanza\/#primaryimage"},"thumbnailUrl":"http:\/\/www.capitaldemarca.com\/wp-content\/uploads\/2013\/01\/Corporate-Branding.jpg","keywords":["gobarnanza"],"articleSection":["buenas practicas"],"inLanguage":"es","potentialAction":[{"@type":"CommentAction","name":"Comment","target":["https:\/\/blogs.encamina.com\/desarrollandosobresharepoint\/el-branding-debe-incluirse-en-la-gobernanza\/#respond"]}]},{"@type":"WebPage","@id":"https:\/\/blogs.encamina.com\/desarrollandosobresharepoint\/el-branding-debe-incluirse-en-la-gobernanza\/","url":"https:\/\/blogs.encamina.com\/desarrollandosobresharepoint\/el-branding-debe-incluirse-en-la-gobernanza\/","name":"\u00bfEl branding debe incluirse en la Gobernanza? - Desarrollando sobre SharePoint","isPartOf":{"@id":"https:\/\/blogs.encamina.com\/desarrollandosobresharepoint\/#website"},"primaryImageOfPage":{"@id":"https:\/\/blogs.encamina.com\/desarrollandosobresharepoint\/el-branding-debe-incluirse-en-la-gobernanza\/#primaryimage"},"image":{"@id":"https:\/\/blogs.encamina.com\/desarrollandosobresharepoint\/el-branding-debe-incluirse-en-la-gobernanza\/#primaryimage"},"thumbnailUrl":"http:\/\/www.capitaldemarca.com\/wp-content\/uploads\/2013\/01\/Corporate-Branding.jpg","datePublished":"2015-01-13T10:00:37+00:00","author":{"@id":"https:\/\/blogs.encamina.com\/desarrollandosobresharepoint\/#\/schema\/person\/c9bfaede1bfba9564bb7f500788782bb"},"description":"En este articulo vamos a analizar si debemos de incluir el branding dentro del documento de gobernabilidad de SharePoint","inLanguage":"es","potentialAction":[{"@type":"ReadAction","target":["https:\/\/blogs.encamina.com\/desarrollandosobresharepoint\/el-branding-debe-incluirse-en-la-gobernanza\/"]}]},{"@type":"ImageObject","inLanguage":"es","@id":"https:\/\/blogs.encamina.com\/desarrollandosobresharepoint\/el-branding-debe-incluirse-en-la-gobernanza\/#primaryimage","url":"http:\/\/www.capitaldemarca.com\/wp-content\/uploads\/2013\/01\/Corporate-Branding.jpg","contentUrl":"http:\/\/www.capitaldemarca.com\/wp-content\/uploads\/2013\/01\/Corporate-Branding.jpg"},{"@type":"WebSite","@id":"https:\/\/blogs.encamina.com\/desarrollandosobresharepoint\/#website","url":"https:\/\/blogs.encamina.com\/desarrollandosobresharepoint\/","name":"Desarrollando sobre SharePoint","description":"Arquitectura, buenas pr\u00e1cticas y desarrollo sobre la nueva herramienta de Microsoft SharePoint 2016","potentialAction":[{"@type":"SearchAction","target":{"@type":"EntryPoint","urlTemplate":"https:\/\/blogs.encamina.com\/desarrollandosobresharepoint\/?s={search_term_string}"},"query-input":{"@type":"PropertyValueSpecification","valueRequired":true,"valueName":"search_term_string"}}],"inLanguage":"es"},{"@type":"Person","@id":"https:\/\/blogs.encamina.com\/desarrollandosobresharepoint\/#\/schema\/person\/c9bfaede1bfba9564bb7f500788782bb","name":"Adri\u00e1n D\u00edaz","image":{"@type":"ImageObject","inLanguage":"es","@id":"https:\/\/secure.gravatar.com\/avatar\/fe10b9eaf8ce4565ec75fba5a0d121c16186696e515cad2bedd42f6cf54e2007?s=96&d=mm&r=g","url":"https:\/\/secure.gravatar.com\/avatar\/fe10b9eaf8ce4565ec75fba5a0d121c16186696e515cad2bedd42f6cf54e2007?s=96&d=mm&r=g","contentUrl":"https:\/\/secure.gravatar.com\/avatar\/fe10b9eaf8ce4565ec75fba5a0d121c16186696e515cad2bedd42f6cf54e2007?s=96&d=mm&r=g","caption":"Adri\u00e1n D\u00edaz"},"description":"Adri\u00e1n D\u00edaz es Ingeniero Inform\u00e1tico por la Universidad Polit\u00e9cnica de Valencia. Es MVP de Microsoft en la categor\u00eda Office Development desde 2014, MCPD de SharePoint 2010, Microsoft Active Profesional y Microsoft Comunity Contribuitor 2012. Cofundador del grupo de usuarios de SharePoint de Levante LevaPoint. Lleva desarrollando con tecnolog\u00edas Microsoft m\u00e1s de 10 a\u00f1os y desde hace 3 a\u00f1os est\u00e1 centrado en el desarrollo sobre SharePoint. Actualmente es Software &amp; Cloud Architect Lead en ENCAMINA.","url":"https:\/\/blogs.encamina.com\/desarrollandosobresharepoint\/author\/desarrollandosobresharepoint\/"}]}},"_links":{"self":[{"href":"https:\/\/blogs.encamina.com\/desarrollandosobresharepoint\/wp-json\/wp\/v2\/posts\/1466","targetHints":{"allow":["GET"]}}],"collection":[{"href":"https:\/\/blogs.encamina.com\/desarrollandosobresharepoint\/wp-json\/wp\/v2\/posts"}],"about":[{"href":"https:\/\/blogs.encamina.com\/desarrollandosobresharepoint\/wp-json\/wp\/v2\/types\/post"}],"author":[{"embeddable":true,"href":"https:\/\/blogs.encamina.com\/desarrollandosobresharepoint\/wp-json\/wp\/v2\/users\/8"}],"replies":[{"embeddable":true,"href":"https:\/\/blogs.encamina.com\/desarrollandosobresharepoint\/wp-json\/wp\/v2\/comments?post=1466"}],"version-history":[{"count":0,"href":"https:\/\/blogs.encamina.com\/desarrollandosobresharepoint\/wp-json\/wp\/v2\/posts\/1466\/revisions"}],"wp:attachment":[{"href":"https:\/\/blogs.encamina.com\/desarrollandosobresharepoint\/wp-json\/wp\/v2\/media?parent=1466"}],"wp:term":[{"taxonomy":"category","embeddable":true,"href":"https:\/\/blogs.encamina.com\/desarrollandosobresharepoint\/wp-json\/wp\/v2\/categories?post=1466"},{"taxonomy":"post_tag","embeddable":true,"href":"https:\/\/blogs.encamina.com\/desarrollandosobresharepoint\/wp-json\/wp\/v2\/tags?post=1466"}],"curies":[{"name":"wp","href":"https:\/\/api.w.org\/{rel}","templated":true}]}}